{"id":8633,"date":"2022-08-16T08:10:28","date_gmt":"2022-08-16T11:10:28","guid":{"rendered":"https:\/\/imais.online\/portal\/?p=8633"},"modified":"2022-08-16T08:10:29","modified_gmt":"2022-08-16T11:10:29","slug":"faici-2022-celebra-a-melhor-edicao-da-historia-e-ja-anuncia-a-data-do-proximo-ano","status":"publish","type":"post","link":"https:\/\/imais.online\/portal\/faici-2022-celebra-a-melhor-edicao-da-historia-e-ja-anuncia-a-data-do-proximo-ano\/","title":{"rendered":"FAICI 2022 celebra a melhor edi\u00e7\u00e3o da hist\u00f3ria e j\u00e1 anuncia a data do pr\u00f3ximo ano"},"content":{"rendered":"<div class=\"imais-before-content-placement\" id=\"imais-496014628\"><script async src=\"\/\/pagead2.googlesyndication.com\/pagead\/js\/adsbygoogle.js?client=ca-pub-8787528412751566\" crossorigin=\"anonymous\"><\/script><ins class=\"adsbygoogle\" style=\"display:block;\" data-ad-client=\"ca-pub-8787528412751566\" \ndata-ad-slot=\"\" \ndata-ad-format=\"auto\"><\/ins>\n<script> \n(adsbygoogle = window.adsbygoogle || []).push({}); \n<\/script>\n<\/div>\n<p>A maior e melhor edi\u00e7\u00e3o da hist\u00f3ria da FAICI acabou no \u00faltimo final de semana, e os preparativos para a festa do pr\u00f3ximo ano j\u00e1 come\u00e7aram! Entre os dias 04 e 12 de agosto de 2023 toda a popula\u00e7\u00e3o de Indaiatuba e regi\u00e3o t\u00eam encontro marcado para uma das maiores festas de rodeio do Estado de S\u00e3o Paulo. Nesta edi\u00e7\u00e3o, pela primeira vez na hist\u00f3ria do evento, 15 artistas dos mais variados g\u00eaneros musicais estiveram presentes no palco principal, realizando grandes shows e agradando todo o tipo de p\u00fablico.<\/p>\n\n\n\n<p>A abertura da 33\u00aa edi\u00e7\u00e3o da festa, dia 05 de agosto, ficou por conta das irm\u00e3s Maiara &amp; Maraisa e do som eletr\u00f4nico da dupla JetLag Music. No dia 06, foi a vez de Henrique &amp; Juliano, Guilherme &amp; Benuto e Double Shot comandarem a galera presente. Para encerrar o primeiro final de semana, no dia 07, Jo\u00e3o Gomes, Vitor Fernandes e Tarc\u00edsio do Acordeon trouxeram o ritmo nordestino do \u201cpizro\u201d para o evento.<br><br>A segunda semana da FAICI come\u00e7ou no dia 11, com os shows das duplas Fernando &amp; Sorocaba e Luiz Miguel &amp; Daniel. Dia 12, Z\u00e9 Neto &amp; Cristiano e Clayton &amp; Rom\u00e1rio subiram ao palco para cantarem grandes sucessos da m\u00fasica sertaneja. E, para fechar o evento em grande estilo, no dia 13, shows com Jorge &amp; Mateus, Douglas &amp; Vin\u00edcius e M\u00e1rcio &amp; Douglas.<\/p>\n\n\n\n<p>O p\u00fablico que teve o privil\u00e9gio de comparecer na FAICI 2002 para assistir os grandes shows e as montarias, al\u00e9m de uma variedade de atra\u00e7\u00f5es como o Parque do Pe\u00e3ozinho e uma completa pra\u00e7a de alimenta\u00e7\u00e3o totalmente coberta, p\u00f4de fazer isso de maneira segura e organizada. Vale destacar tamb\u00e9m o conforto dos camarotes corporativos, premium, infinity, al\u00e9m da arquibancada totalmente coberta.<\/p>\n\n\n\n<p>&#8220;A FAICI 2022 vai ficar na hist\u00f3ria! Fizemos uma festa linda e com total seguran\u00e7a para todo o tipo de p\u00fablico, especialmente para a fam\u00edlia que veio prestigiar o nosso evento. Terminamos esta edi\u00e7\u00e3o, e j\u00e1 come\u00e7amos a pensar a do pr\u00f3ximo ano! Esperamos todos voc\u00eas para estar com a gente novamente entre os dias 04 e 12 de agosto de 2023&#8221;, convida Jos\u00e9 Marques Barbosa, presidente da FAICI.<\/p>\n\n\n\n<p><strong>MONTARIAS<\/strong><\/p>\n\n\n\n<p>Valendo pela Liga Nacional de Rodeio, o grande campe\u00e3o da Montaria em Touros foi J\u00falio C\u00e9sar da Silva Marques, de Tatu\u00ed, interior do Estado de S\u00e3o Paulo. Com o t\u00edtulo, ele garantiu vaga para a disputa na Festa do Pe\u00e3o de Boiadeiro de Barretos 2022. Pelo Team Roping (la\u00e7o em dupla), o t\u00edtulo ficou com a dupla paulista da cidade de Jaguari\u00fana, Jos\u00e9 Eduardo Cintra e Eduardo Dargham. J\u00e1 pela prova dos Tr\u00eas Tambores, a campe\u00e3 foi a competidora, Maria Eduarda Gon\u00e7alves, do munic\u00edpio de Sumar\u00e9, interior do Estado de S\u00e3o Paulo.<\/p>\n\n\n\n<p><strong>FAICI<\/strong><\/p>\n\n\n\n<p>A FAICI 2022 contou com o patroc\u00ednio de Imp\u00e9rio &#8211; Cerveja Puro Malte, Brasa Burguers, Croissant &amp; cia, Azza Internet, AVM Im\u00f3veis, Amo Brech\u00f3, Aurok, Loja Bandeira Filhos, Brimex Cup, Bom Beef Indaiatuba, Chap\u00e9u Pralana, Centro M\u00e9dico Mais Sa\u00fade, Construbase, Daisho, Corpus Saneamento, Dimep, Fox Rodas, Gr\u00e1fica Marracini, Grupo Balilla, HAOC, Impacto Prime, iPlanet Indaiatuba, Residencial Vila Bela, Longitime, L\u00facia Ramos Lingerie, Marsil Atacadista, Martiterra, Masotti, Panificadora L\u00edder, Polo Shopping Indaiatuba, Rafa Som e Eventos, Rancho Milese, Rede P5, Sousa Calhas, Loja Star Country, Espazio Le Femme, Sucos D&#8217;N\u00e9gri, Sudeste Automa\u00e7\u00e3o, Top Toalets, Vethy, Yamnar, Martins Pain\u00e9is, Resenha Sertaneja, Tintas MC, Maria Carolina Marmoraria, Pesqueiro Brasa Parque, Frigor\u00edfico Goi\u00e1s, MM\u00edda, Lance Comunica\u00e7\u00e3o, Marchetti Fotografia, Pindukas, Resultado Propaganda e apoio de Prefeitura de Indaiatuba e SAAE.<\/p>\n","protected":false},"excerpt":{"rendered":"<p>A maior e melhor edi\u00e7\u00e3o da hist\u00f3ria da FAICI acabou no \u00faltimo final de semana, e os preparativos para a festa do pr\u00f3ximo ano j\u00e1 come\u00e7aram! Entre os dias 04 e 12 de agosto de 2023 toda a popula\u00e7\u00e3o de Indaiatuba e regi\u00e3o t\u00eam encontro marcado para uma das maiores festas de rodeio do Estado [&hellip;]<\/p>\n","protected":false},"author":7,"featured_media":8634,"comment_status":"closed","ping_status":"open","sticky":false,"template":"","format":"standard","meta":{"rop_custom_images_group":[],"rop_custom_messages_group":[],"rop_publish_now":"initial","rop_publish_now_accounts":[],"rop_publish_now_history":[],"rop_publish_now_status":"pending","footnotes":""},"categories":[188],"tags":[],"class_list":["post-8633","post","type-post","status-publish","format-standard","has-post-thumbnail","hentry","category-indaiatuba"],"amp_enabled":true,"_links":{"self":[{"href":"https:\/\/imais.online\/portal\/wp-json\/wp\/v2\/posts\/8633","targetHints":{"allow":["GET"]}}],"collection":[{"href":"https:\/\/imais.online\/portal\/wp-json\/wp\/v2\/posts"}],"about":[{"href":"https:\/\/imais.online\/portal\/wp-json\/wp\/v2\/types\/post"}],"author":[{"embeddable":true,"href":"https:\/\/imais.online\/portal\/wp-json\/wp\/v2\/users\/7"}],"replies":[{"embeddable":true,"href":"https:\/\/imais.online\/portal\/wp-json\/wp\/v2\/comments?post=8633"}],"version-history":[{"count":1,"href":"https:\/\/imais.online\/portal\/wp-json\/wp\/v2\/posts\/8633\/revisions"}],"predecessor-version":[{"id":8635,"href":"https:\/\/imais.online\/portal\/wp-json\/wp\/v2\/posts\/8633\/revisions\/8635"}],"wp:featuredmedia":[{"embeddable":true,"href":"https:\/\/imais.online\/portal\/wp-json\/wp\/v2\/media\/8634"}],"wp:attachment":[{"href":"https:\/\/imais.online\/portal\/wp-json\/wp\/v2\/media?parent=8633"}],"wp:term":[{"taxonomy":"category","embeddable":true,"href":"https:\/\/imais.online\/portal\/wp-json\/wp\/v2\/categories?post=8633"},{"taxonomy":"post_tag","embeddable":true,"href":"https:\/\/imais.online\/portal\/wp-json\/wp\/v2\/tags?post=8633"}],"curies":[{"name":"wp","href":"https:\/\/api.w.org\/{rel}","templated":true}]}}