{"id":870,"date":"2021-08-20T20:44:21","date_gmt":"2021-08-20T23:44:21","guid":{"rendered":"https:\/\/imais.online\/portal\/?p=870"},"modified":"2021-08-20T20:44:23","modified_gmt":"2021-08-20T23:44:23","slug":"secretaria-de-saude-vacina-adolescentes-de-12-a-17-anos-com-comorbidades-no-centro-esportivo-neste-sabado-21","status":"publish","type":"post","link":"https:\/\/imais.online\/portal\/secretaria-de-saude-vacina-adolescentes-de-12-a-17-anos-com-comorbidades-no-centro-esportivo-neste-sabado-21\/","title":{"rendered":"Secretaria de Sa\u00fade vacina adolescentes de 12 a 17 anos com comorbidades no Centro Esportivo neste s\u00e1bado (21)"},"content":{"rendered":"<div class=\"imais-before-content-placement\" id=\"imais-2973120519\"><script async src=\"\/\/pagead2.googlesyndication.com\/pagead\/js\/adsbygoogle.js?client=ca-pub-8787528412751566\" crossorigin=\"anonymous\"><\/script><ins class=\"adsbygoogle\" style=\"display:block;\" data-ad-client=\"ca-pub-8787528412751566\" \ndata-ad-slot=\"\" \ndata-ad-format=\"auto\"><\/ins>\n<script> \n(adsbygoogle = window.adsbygoogle || []).push({}); \n<\/script>\n<\/div>\n<p>A Secretaria Municipal de Sa\u00fade convocou para vacina\u00e7\u00e3o contra a Covid-19, amanh\u00e3, s\u00e1bado (21), os adolescentes de 12 a 17 anos com comorbidades que tiverem seus cadastros aprovados na plataforma do Minha Vacina no site da Prefeitura de Indaiatuba.<\/p>\n\n\n\n<p>A vacina\u00e7\u00e3o ocorrer\u00e1 no Centro Esportivo do Trabalhador, localizado na Avenida Concei\u00e7\u00e3o, 1885 \u2013 Cidade Nova 2, das 9h \u00e0s 18h e ter\u00e1 a apresenta\u00e7\u00e3o dos DJ\u2019s F\u00e1bio Leonel e Cris Vibe. O palha\u00e7o Koringa tamb\u00e9m estar\u00e1 interagindo com os jovens que esperam pela imuniza\u00e7\u00e3o.<\/p>\n\n\n\n<p>Logo na entrada, dever\u00e3o ser apresentados, QRcode de convoca\u00e7\u00e3o, um documento com foto (RG ou CPF) e um comprovante de endere\u00e7o (IPTU, conta de \u00e1gua ou luz). \u00c9 necess\u00e1rio comprovar o parentesco do jovem com o titular da conta. O contrato de aluguel tamb\u00e9m \u00e9 um dos documentos que confirmam o endere\u00e7o.<\/p>\n\n\n\n<p>\u00c9 recomend\u00e1vel tamb\u00e9m que um respons\u00e1vel, maior de idade, munido de sua documenta\u00e7\u00e3o pessoal, esteja acompanhando o adolescente no ato da vacina\u00e7\u00e3o.<\/p>\n\n\n\n<p>O QRcode de convoca\u00e7\u00e3o, pode ser obtido na plataforma Minha Vacina no site da Prefeitura atrav\u00e9s do link https:\/\/vacinacao.indaiatuba.sp.gov.br\/login ou na caixa de entrada do e-mail cadastrado. \u00c9 sempre importante checar se o e-mail n\u00e3o caiu na pasta spam ou lixo eletr\u00f4nico.<\/p>\n\n\n\n<p>A Prefeitura de Indaiatuba solicita que sejam respeitados hor\u00e1rios para que n\u00e3o sejam formadas longas filas.<\/p>\n\n\n\n<p>D\u00daVIDAS<\/p>\n\n\n\n<p>WhatsApp Sa\u00fade (19) 9 9779-3856<\/p>\n\n\n\n<p>SERVI\u00c7O<\/p>\n\n\n\n<p>Vacina\u00e7\u00e3o Covid-19 \u2013 1\u00aa dose \u2013 Adolescentes com comorbidades<\/p>\n\n\n\n<p>Data: 21\/08\/2021<\/p>\n\n\n\n<p>Hor\u00e1rio: 9h \u00e0s 18h;<\/p>\n\n\n\n<p>Local: Centro Esportivo do Trabalhador \u2013 Av. Concei\u00e7\u00e3o, 1885 \u2013 Cidade Nova 2;<\/p>\n\n\n\n<p>Grupo: Adolescentes 12 a 17 com comorbidades (1\u00aa dose);<\/p>\n\n\n\n<p>Obrigat\u00f3rio: QRcode de convoca\u00e7\u00e3o do jovem (obtido na plataforma Minha Vacina no site da Prefeitura), documento com foto e comprovante de endere\u00e7o (IPTU, conta de \u00e1gua ou luz).<\/p>\n\n\n\n<p>Recomend\u00e1vel: Acompanhante respons\u00e1vel com documento pessoal.<\/p>\n\n\n\n<p>Foto: Eliandro Figueira RIC\/PMI<\/p>\n","protected":false},"excerpt":{"rendered":"<p>A Secretaria Municipal de Sa\u00fade convocou para vacina\u00e7\u00e3o contra a Covid-19, amanh\u00e3, s\u00e1bado (21), os adolescentes de 12 a 17 anos com comorbidades que tiverem seus cadastros aprovados na plataforma do Minha Vacina no site da Prefeitura de Indaiatuba. A vacina\u00e7\u00e3o ocorrer\u00e1 no Centro Esportivo do Trabalhador, localizado na Avenida Concei\u00e7\u00e3o, 1885 \u2013 Cidade Nova [&hellip;]<\/p>\n","protected":false},"author":8,"featured_media":871,"comment_status":"closed","ping_status":"open","sticky":false,"template":"","format":"standard","meta":{"rop_custom_images_group":[],"rop_custom_messages_group":[],"rop_publish_now":"initial","rop_publish_now_accounts":[],"rop_publish_now_history":[],"rop_publish_now_status":"pending","footnotes":""},"categories":[190],"tags":[],"class_list":["post-870","post","type-post","status-publish","format-standard","has-post-thumbnail","hentry","category-covid"],"amp_enabled":true,"_links":{"self":[{"href":"https:\/\/imais.online\/portal\/wp-json\/wp\/v2\/posts\/870","targetHints":{"allow":["GET"]}}],"collection":[{"href":"https:\/\/imais.online\/portal\/wp-json\/wp\/v2\/posts"}],"about":[{"href":"https:\/\/imais.online\/portal\/wp-json\/wp\/v2\/types\/post"}],"author":[{"embeddable":true,"href":"https:\/\/imais.online\/portal\/wp-json\/wp\/v2\/users\/8"}],"replies":[{"embeddable":true,"href":"https:\/\/imais.online\/portal\/wp-json\/wp\/v2\/comments?post=870"}],"version-history":[{"count":1,"href":"https:\/\/imais.online\/portal\/wp-json\/wp\/v2\/posts\/870\/revisions"}],"predecessor-version":[{"id":872,"href":"https:\/\/imais.online\/portal\/wp-json\/wp\/v2\/posts\/870\/revisions\/872"}],"wp:featuredmedia":[{"embeddable":true,"href":"https:\/\/imais.online\/portal\/wp-json\/wp\/v2\/media\/871"}],"wp:attachment":[{"href":"https:\/\/imais.online\/portal\/wp-json\/wp\/v2\/media?parent=870"}],"wp:term":[{"taxonomy":"category","embeddable":true,"href":"https:\/\/imais.online\/portal\/wp-json\/wp\/v2\/categories?post=870"},{"taxonomy":"post_tag","embeddable":true,"href":"https:\/\/imais.online\/portal\/wp-json\/wp\/v2\/tags?post=870"}],"curies":[{"name":"wp","href":"https:\/\/api.w.org\/{rel}","templated":true}]}}