{"id":8803,"date":"2022-08-25T07:24:53","date_gmt":"2022-08-25T10:24:53","guid":{"rendered":"https:\/\/imais.online\/portal\/?p=8803"},"modified":"2022-08-25T07:24:54","modified_gmt":"2022-08-25T10:24:54","slug":"sp-vai-instalar-cameras-em-viaturas-para-identificar-carros-roubados","status":"publish","type":"post","link":"https:\/\/imais.online\/portal\/sp-vai-instalar-cameras-em-viaturas-para-identificar-carros-roubados\/","title":{"rendered":"SP vai instalar c\u00e2meras em viaturas para identificar carros roubados"},"content":{"rendered":"<div class=\"imais-before-content-placement\" id=\"imais-441216013\"><script async src=\"\/\/pagead2.googlesyndication.com\/pagead\/js\/adsbygoogle.js?client=ca-pub-8787528412751566\" crossorigin=\"anonymous\"><\/script><ins class=\"adsbygoogle\" style=\"display:block;\" data-ad-client=\"ca-pub-8787528412751566\" \ndata-ad-slot=\"\" \ndata-ad-format=\"auto\"><\/ins>\n<script> \n(adsbygoogle = window.adsbygoogle || []).push({}); \n<\/script>\n<\/div>\n<p class=\"has-text-align-center\">Sistema deve entrar em funcionamento no pr\u00f3ximo ano<\/p>\n\n\n\n<p>O governo de S\u00e3o Paulo vai instalar c\u00e2meras em 3 mil viaturas da Pol\u00edcia Militar. Os equipamentos ser\u00e3o conectados ao sistema Detecta, que faz a leitura de placas r\u00e1pida de ve\u00edculos. Assim, ser\u00e1 poss\u00edvel identificar carros roubados ou usados recentemente em crimes.<img decoding=\"async\" src=\"https:\/\/agenciabrasil.ebc.com.br\/ebc.png?id=1478599&amp;o=node\"><img decoding=\"async\" src=\"https:\/\/agenciabrasil.ebc.com.br\/ebc.gif?id=1478599&amp;o=node\"><\/p>\n\n\n\n<p>A previs\u00e3o \u00e9 que o sistema custe R$ 5,4 milh\u00f5es por m\u00eas, incluindo a instala\u00e7\u00e3o das c\u00e2meras e a tecnologia de opera\u00e7\u00e3o. Atualmente, o sistema Detecta conta com 8,4 mil leitores de placas em 4,4 mil pontos do estado de S\u00e3o Paulo.<\/p>\n\n\n\n<p>Os equipamentos instalados nas viaturas v\u00e3o identificar ve\u00edculos com registro de roubo, furto ou outro ponto de aten\u00e7\u00e3o e alertar os policiais. Isso \u00e9 poss\u00edvel devido a integra\u00e7\u00e3o das c\u00e2meras com os bancos de dados da seguran\u00e7a p\u00fablica e do Departamento Estadual de Tr\u00e2nsito (Detran).<\/p>\n\n\n\n<p>A licita\u00e7\u00e3o para os novos equipamentos deve ser publicada em 2 semanas e as c\u00e2meras devem entrar em funcionamento no pr\u00f3ximo ano.<\/p>\n\n\n\n<h2 class=\"wp-block-heading\">C\u00e2meras corporais<\/h2>\n\n\n\n<p>O governador de S\u00e3o Paulo, Rodrigo Garcia, tamb\u00e9m anunciou que pretende aumentar o n\u00famero de policiais com c\u00e2meras corporais. Segundo ele, atualmente s\u00e3o 8 mil agentes que saem \u00e0s ruas com o equipamento. \u201cEstamos fazendo a amplia\u00e7\u00e3o desse contrato para passar de 10 mil nos pr\u00f3ximos meses\u201d, disse.<\/p>\n","protected":false},"excerpt":{"rendered":"<p>Sistema deve entrar em funcionamento no pr\u00f3ximo ano O governo de S\u00e3o Paulo vai instalar c\u00e2meras em 3 mil viaturas da Pol\u00edcia Militar. Os equipamentos ser\u00e3o conectados ao sistema Detecta, que faz a leitura de placas r\u00e1pida de ve\u00edculos. Assim, ser\u00e1 poss\u00edvel identificar carros roubados ou usados recentemente em crimes. A previs\u00e3o \u00e9 que o [&hellip;]<\/p>\n","protected":false},"author":7,"featured_media":8804,"comment_status":"closed","ping_status":"open","sticky":false,"template":"","format":"standard","meta":{"rop_custom_images_group":[],"rop_custom_messages_group":[],"rop_publish_now":"initial","rop_publish_now_accounts":[],"rop_publish_now_history":[],"rop_publish_now_status":"pending","footnotes":""},"categories":[195],"tags":[],"class_list":["post-8803","post","type-post","status-publish","format-standard","has-post-thumbnail","hentry","category-sao-paulo"],"amp_enabled":true,"_links":{"self":[{"href":"https:\/\/imais.online\/portal\/wp-json\/wp\/v2\/posts\/8803","targetHints":{"allow":["GET"]}}],"collection":[{"href":"https:\/\/imais.online\/portal\/wp-json\/wp\/v2\/posts"}],"about":[{"href":"https:\/\/imais.online\/portal\/wp-json\/wp\/v2\/types\/post"}],"author":[{"embeddable":true,"href":"https:\/\/imais.online\/portal\/wp-json\/wp\/v2\/users\/7"}],"replies":[{"embeddable":true,"href":"https:\/\/imais.online\/portal\/wp-json\/wp\/v2\/comments?post=8803"}],"version-history":[{"count":1,"href":"https:\/\/imais.online\/portal\/wp-json\/wp\/v2\/posts\/8803\/revisions"}],"predecessor-version":[{"id":8805,"href":"https:\/\/imais.online\/portal\/wp-json\/wp\/v2\/posts\/8803\/revisions\/8805"}],"wp:featuredmedia":[{"embeddable":true,"href":"https:\/\/imais.online\/portal\/wp-json\/wp\/v2\/media\/8804"}],"wp:attachment":[{"href":"https:\/\/imais.online\/portal\/wp-json\/wp\/v2\/media?parent=8803"}],"wp:term":[{"taxonomy":"category","embeddable":true,"href":"https:\/\/imais.online\/portal\/wp-json\/wp\/v2\/categories?post=8803"},{"taxonomy":"post_tag","embeddable":true,"href":"https:\/\/imais.online\/portal\/wp-json\/wp\/v2\/tags?post=8803"}],"curies":[{"name":"wp","href":"https:\/\/api.w.org\/{rel}","templated":true}]}}