{"id":8851,"date":"2022-08-26T14:21:01","date_gmt":"2022-08-26T17:21:01","guid":{"rendered":"https:\/\/imais.online\/portal\/?p=8851"},"modified":"2022-08-26T14:21:02","modified_gmt":"2022-08-26T17:21:02","slug":"temperatura-volta-a-cair-a-partir-do-inicio-da-semana-que-vem-na-cidade-de-sao-paulo","status":"publish","type":"post","link":"https:\/\/imais.online\/portal\/temperatura-volta-a-cair-a-partir-do-inicio-da-semana-que-vem-na-cidade-de-sao-paulo\/","title":{"rendered":"Temperatura volta a cair a partir do in\u00edcio da semana que vem na cidade de S\u00e3o Paulo"},"content":{"rendered":"<div class=\"imais-before-content-placement\" id=\"imais-2872385840\"><script async src=\"\/\/pagead2.googlesyndication.com\/pagead\/js\/adsbygoogle.js?client=ca-pub-8787528412751566\" crossorigin=\"anonymous\"><\/script><ins class=\"adsbygoogle\" style=\"display:block;\" data-ad-client=\"ca-pub-8787528412751566\" \ndata-ad-slot=\"\" \ndata-ad-format=\"auto\"><\/ins>\n<script> \n(adsbygoogle = window.adsbygoogle || []).push({}); \n<\/script>\n<\/div>\n<h2 class=\"wp-block-heading\">Fim de semana ainda ser\u00e1 de calor na capital, mas na segunda (29) o clima muda. H\u00e1 previs\u00e3o de chuva, com m\u00ednima de 10\u00b0C<\/h2>\n\n\n\n<p>Ap\u00f3s dias de calor e tempo seco na cidade de S\u00e3o Paulo, a temperatura deve voltar a cair com a chegada de uma nova onda de frio a partir do in\u00edcio da semana que vem. Na segunda-feira (29), h\u00e1 previs\u00e3o de chuva isolada, o clima deve ficar predominantemente nublado, com a temperatura oscilando entre 10\u00b0C e 16\u00b0C, de acordo com o Inmet (Instituto Nacional de Meteorologia).<\/p>\n\n\n\n<p>Mas, os paulistanos ainda poder\u00e3o aproveitar o calor que ter\u00e1 no fim de semana. No s\u00e1bado (27), as m\u00e1ximas devem atingir os 29\u00b0C e, no domingo (28), 27\u00b0C. A nebulosidade chega \u00e0 capital durante a noite, o que deve garantir a mudan\u00e7a de tempo na segunda.<\/p>\n\n\n\n<p>De acordo com o CGE (Centro de Gerenciamento de Emerg\u00eancias Clim\u00e1ticas), a nova massa de ar frio de origem polar vai provocar esse decl\u00ednio das temperaturas. O \u00f3rg\u00e3o diz, ainda, que a cidade deve registrar pelos pr\u00f3ximos dias temperaturas abaixo de 10\u00b0C.<\/p>\n\n\n\n<p>Na ter\u00e7a-feira (30), n\u00e3o h\u00e1 previs\u00e3o de chuva, mas a m\u00ednima deve atingir os 7\u00b0C, com sensa\u00e7\u00e3o t\u00e9rmica ainda menor, segundo o Inmet.<\/p>\n\n\n\n<p>Na quarta-feira (31), o frio ainda ser\u00e1 sentido. A m\u00ednima prevista \u00e9 de 10\u00b0C, com m\u00e1xima de 19\u00b0C. Deve chover entre a tarde e \u00e0 noite.<\/p>\n\n\n\n<p>O primeiro dia do m\u00eas de setembro, na quarta-feira (1\u00b0), o c\u00e9u fica aberto e a temperatura se eleva um pouco mais, com m\u00e1xima de 22\u00b0C e m\u00ednima de 11\u00b0C.<\/p>\n\n\n\n<p>Somente na ter\u00e7a-feira que vem (6), a temperatura deve apresentar gradual eleva\u00e7\u00e3o, com m\u00e1xima que deve passar de 28\u00b0C.<\/p>\n\n\n\n<p>Fonte R7 <\/p>\n","protected":false},"excerpt":{"rendered":"<p>Fim de semana ainda ser\u00e1 de calor na capital, mas na segunda (29) o clima muda. H\u00e1 previs\u00e3o de chuva, com m\u00ednima de 10\u00b0C Ap\u00f3s dias de calor e tempo seco na cidade de S\u00e3o Paulo, a temperatura deve voltar a cair com a chegada de uma nova onda de frio a partir do in\u00edcio [&hellip;]<\/p>\n","protected":false},"author":8,"featured_media":8852,"comment_status":"closed","ping_status":"open","sticky":false,"template":"","format":"standard","meta":{"rop_custom_images_group":[],"rop_custom_messages_group":[],"rop_publish_now":"initial","rop_publish_now_accounts":[],"rop_publish_now_history":[],"rop_publish_now_status":"pending","footnotes":""},"categories":[195],"tags":[],"class_list":["post-8851","post","type-post","status-publish","format-standard","has-post-thumbnail","hentry","category-sao-paulo"],"amp_enabled":true,"_links":{"self":[{"href":"https:\/\/imais.online\/portal\/wp-json\/wp\/v2\/posts\/8851","targetHints":{"allow":["GET"]}}],"collection":[{"href":"https:\/\/imais.online\/portal\/wp-json\/wp\/v2\/posts"}],"about":[{"href":"https:\/\/imais.online\/portal\/wp-json\/wp\/v2\/types\/post"}],"author":[{"embeddable":true,"href":"https:\/\/imais.online\/portal\/wp-json\/wp\/v2\/users\/8"}],"replies":[{"embeddable":true,"href":"https:\/\/imais.online\/portal\/wp-json\/wp\/v2\/comments?post=8851"}],"version-history":[{"count":1,"href":"https:\/\/imais.online\/portal\/wp-json\/wp\/v2\/posts\/8851\/revisions"}],"predecessor-version":[{"id":8853,"href":"https:\/\/imais.online\/portal\/wp-json\/wp\/v2\/posts\/8851\/revisions\/8853"}],"wp:featuredmedia":[{"embeddable":true,"href":"https:\/\/imais.online\/portal\/wp-json\/wp\/v2\/media\/8852"}],"wp:attachment":[{"href":"https:\/\/imais.online\/portal\/wp-json\/wp\/v2\/media?parent=8851"}],"wp:term":[{"taxonomy":"category","embeddable":true,"href":"https:\/\/imais.online\/portal\/wp-json\/wp\/v2\/categories?post=8851"},{"taxonomy":"post_tag","embeddable":true,"href":"https:\/\/imais.online\/portal\/wp-json\/wp\/v2\/tags?post=8851"}],"curies":[{"name":"wp","href":"https:\/\/api.w.org\/{rel}","templated":true}]}}