{"id":896,"date":"2021-08-23T20:52:03","date_gmt":"2021-08-23T23:52:03","guid":{"rendered":"https:\/\/imais.online\/portal\/?p=896"},"modified":"2021-08-23T20:52:06","modified_gmt":"2021-08-23T23:52:06","slug":"indaiatuba-registra-seis-obitos-com-diagnostico-positivo-para-covid-19","status":"publish","type":"post","link":"https:\/\/imais.online\/portal\/indaiatuba-registra-seis-obitos-com-diagnostico-positivo-para-covid-19\/","title":{"rendered":"Indaiatuba registra seis \u00f3bitos com diagn\u00f3stico positivo para Covid-19"},"content":{"rendered":"<div class=\"imais-before-content-placement\" id=\"imais-2016834587\"><script async src=\"\/\/pagead2.googlesyndication.com\/pagead\/js\/adsbygoogle.js?client=ca-pub-8787528412751566\" crossorigin=\"anonymous\"><\/script><ins class=\"adsbygoogle\" style=\"display:block;\" data-ad-client=\"ca-pub-8787528412751566\" \ndata-ad-slot=\"\" \ndata-ad-format=\"auto\"><\/ins>\n<script> \n(adsbygoogle = window.adsbygoogle || []).push({}); \n<\/script>\n<\/div>\n<p>A Secretaria de Sa\u00fade de Indaiatuba informa nesta segunda-feira (23) o registro de 6 (seis) mortes com diagn\u00f3stico positivo para COVID-19 e confirma 33 portals casos da doen\u00e7a. Foram contabilizados 288 exames negativos e 324 notifica\u00e7\u00f5es suspeitas (hospitais, unidades de sa\u00fade e laborat\u00f3rios particulares).<\/p>\n\n\n\n<p>\u00d3BITOS CONFIRMADOS PARA COVID-19<\/p>\n\n\n\n<p>Hospital Augusto de Oliveira Camargo (Haoc)<\/p>\n\n\n\n<p>1) \u00d3bito na sexta-feira (20). Homem, 51 anos, internado desde o dia 9 de agosto. Comorbidade: cirrose hep\u00e1tica;<\/p>\n\n\n\n<p>2) \u00d3bito na sexta-feira (20). Mulher, 77 anos, internada desde o dia 11 de agosto. Comorbidades: hipertens\u00e3o e diabetes;<\/p>\n\n\n\n<p>3) \u00d3bito no s\u00e1bado (21). Mulher, 71 anos, internada desde o dia 30 de julho. Comorbidade: diabetes;<\/p>\n\n\n\n<p>4) \u00d3bito no s\u00e1bado (21). Homem, 76 anos, deu entrada na UPA-24h e foi transferido para o Haoc, onde faleceu no mesmo dia. Comorbidades: diabetes e hipertens\u00e3o;<\/p>\n\n\n\n<p>5) \u00d3bito no domingo (22). Homem, 64 anos, internado desde o dia 24 de julho. Comorbidades: hipertens\u00e3o e diabetes;<\/p>\n\n\n\n<p>Hospital Santa Ign\u00eas (HSI)<\/p>\n\n\n\n<p>6) \u00d3bito na sexta-feira (20). Mulher, 23 anos, internada desde o dia 20 de julho. Comorbidade: obesidade.<\/p>\n\n\n\n<p>A Prefeitura de Indaiatuba lamenta profundamente as mortes e presta as suas mais sinceras condol\u00eancias aos amigos e familiares.<\/p>\n\n\n\n<p>OCUPA\u00c7\u00c3O DE LEITOS<\/p>\n\n\n\n<p>Nesta segunda-feira (23) existem 54 pessoas internadas, das quais 35 possuem confirma\u00e7\u00e3o para Covid-19. Do total de internados, 26 est\u00e3o em leitos cl\u00ednicos e 28 em UTI. Acompanhe a taxa de ocupa\u00e7\u00e3o:<\/p>\n\n\n\n<p>Leitos Cl\u00ednicos<\/p>\n\n\n\n<p>Haoc: 35%<\/p>\n\n\n\n<p>Santa Ign\u00eas: 63%<\/p>\n\n\n\n<p>UTI<\/p>\n\n\n\n<p>Haoc: 88%<\/p>\n\n\n\n<p>Santa Ign\u00eas: 50%<\/p>\n\n\n\n<p>VACINADOS CONTRA A COVID-19<\/p>\n\n\n\n<p>1\u00aa DOSE: 186.923<\/p>\n\n\n\n<p>2\u00aa DOSE: 78.881<\/p>\n\n\n\n<p>DOSE \u00daNICA: 6.860<\/p>\n\n\n\n<p>TOTAL IMUNIZADOS: 85.741<\/p>\n\n\n\n<p>INFORMA\u00c7\u00d5ES COMPLEMENTARES<\/p>\n\n\n\n<p>Desde o in\u00edcio da pandemia, 30.744 pessoas contra\u00edram o portal Coronav\u00edrus. Dessas, 29.952 s\u00e3o consideradas curadas ou est\u00e3o em recupera\u00e7\u00e3o domiciliar; 757 evolu\u00edram a \u00f3bito e 10 casos suspeitos aguardam resultados.<\/p>\n\n\n\n<p>MINHA SA\u00daDE<\/p>\n\n\n\n<p>MINHA SA\u00daDE \u00e9 um servi\u00e7o pioneiro, moderno e inovador onde o cidad\u00e3o que apresenta sintomas pode passar por uma consulta m\u00e9dica online, por v\u00eddeo chamada, sem sair de casa. O paciente \u00e9 encaminhado para exame e ao ter a Covid-19 confirmada recebe direto em seu celular a receita com os medicamentos para o in\u00edcio r\u00e1pido do tratamento. O link do servi\u00e7o est\u00e1 no site da Prefeitura www.indaiatuba.sp.gov.br. Voc\u00ea tamb\u00e9m pode tirar d\u00favidas pelo WhatsApp da Sa\u00fade (19) 9 9779-3856.<\/p>\n\n\n\n<p>Foto: Divulga\u00e7\u00e3o RIC\/PMI<\/p>\n","protected":false},"excerpt":{"rendered":"<p>A Secretaria de Sa\u00fade de Indaiatuba informa nesta segunda-feira (23) o registro de 6 (seis) mortes com diagn\u00f3stico positivo para COVID-19 e confirma 33 portals casos da doen\u00e7a. Foram contabilizados 288 exames negativos e 324 notifica\u00e7\u00f5es suspeitas (hospitais, unidades de sa\u00fade e laborat\u00f3rios particulares). \u00d3BITOS CONFIRMADOS PARA COVID-19 Hospital Augusto de Oliveira Camargo (Haoc) 1) [&hellip;]<\/p>\n","protected":false},"author":8,"featured_media":897,"comment_status":"closed","ping_status":"open","sticky":false,"template":"","format":"standard","meta":{"rop_custom_images_group":[],"rop_custom_messages_group":[],"rop_publish_now":"initial","rop_publish_now_accounts":[],"rop_publish_now_history":[],"rop_publish_now_status":"pending","footnotes":""},"categories":[190],"tags":[],"class_list":["post-896","post","type-post","status-publish","format-standard","has-post-thumbnail","hentry","category-covid"],"amp_enabled":true,"_links":{"self":[{"href":"https:\/\/imais.online\/portal\/wp-json\/wp\/v2\/posts\/896","targetHints":{"allow":["GET"]}}],"collection":[{"href":"https:\/\/imais.online\/portal\/wp-json\/wp\/v2\/posts"}],"about":[{"href":"https:\/\/imais.online\/portal\/wp-json\/wp\/v2\/types\/post"}],"author":[{"embeddable":true,"href":"https:\/\/imais.online\/portal\/wp-json\/wp\/v2\/users\/8"}],"replies":[{"embeddable":true,"href":"https:\/\/imais.online\/portal\/wp-json\/wp\/v2\/comments?post=896"}],"version-history":[{"count":1,"href":"https:\/\/imais.online\/portal\/wp-json\/wp\/v2\/posts\/896\/revisions"}],"predecessor-version":[{"id":898,"href":"https:\/\/imais.online\/portal\/wp-json\/wp\/v2\/posts\/896\/revisions\/898"}],"wp:featuredmedia":[{"embeddable":true,"href":"https:\/\/imais.online\/portal\/wp-json\/wp\/v2\/media\/897"}],"wp:attachment":[{"href":"https:\/\/imais.online\/portal\/wp-json\/wp\/v2\/media?parent=896"}],"wp:term":[{"taxonomy":"category","embeddable":true,"href":"https:\/\/imais.online\/portal\/wp-json\/wp\/v2\/categories?post=896"},{"taxonomy":"post_tag","embeddable":true,"href":"https:\/\/imais.online\/portal\/wp-json\/wp\/v2\/tags?post=896"}],"curies":[{"name":"wp","href":"https:\/\/api.w.org\/{rel}","templated":true}]}}