{"id":899,"date":"2021-08-23T20:58:18","date_gmt":"2021-08-23T23:58:18","guid":{"rendered":"https:\/\/imais.online\/portal\/?p=899"},"modified":"2021-08-23T20:58:20","modified_gmt":"2021-08-23T23:58:20","slug":"onda-de-calor-aumenta-17-o-consumo-de-agua-tratada","status":"publish","type":"post","link":"https:\/\/imais.online\/portal\/onda-de-calor-aumenta-17-o-consumo-de-agua-tratada\/","title":{"rendered":"Onda de calor aumenta 17% o consumo de \u00e1gua tratada"},"content":{"rendered":"<div class=\"imais-before-content-placement\" id=\"imais-2547881182\"><script async src=\"\/\/pagead2.googlesyndication.com\/pagead\/js\/adsbygoogle.js?client=ca-pub-8787528412751566\" crossorigin=\"anonymous\"><\/script><ins class=\"adsbygoogle\" style=\"display:block;\" data-ad-client=\"ca-pub-8787528412751566\" \ndata-ad-slot=\"\" \ndata-ad-format=\"auto\"><\/ins>\n<script> \n(adsbygoogle = window.adsbygoogle || []).push({}); \n<\/script>\n<\/div>\n<p>O Servi\u00e7o Aut\u00f4nomo de \u00c1gua e Esgotos (Saae) registrou um aumento de consumo de \u00e1gua em raz\u00e3o do aumento das temperaturas na semana passada. O consumo que j\u00e1 estava acima da m\u00e9dia anual, mesmo nos per\u00edodos mais frios, teve um aumento de 17%. Sem chuvas expressivas desde abril deste ano e enfrentando um inverno seco e com baixa umidade do ar, os mananciais est\u00e3o com seus volumes diminuindo a cada dia, e o aumento do consumo piora ainda mais essa situa\u00e7\u00e3o.<\/p>\n\n\n\n<p>Em 2021, choveu praticamente 300 mil\u00edmetros a menos que 2020, o que equivale a menos 37% de \u00e1gua para abastecer os mananciais. Al\u00e9m disso, o clima quente e o calor excessivo faz com que as pessoas gastem \u00e1gua em maior quantidade e, muitas vezes, sem responsabilidade, comprometendo os recursos h\u00eddricos.<\/p>\n\n\n\n<p>O Dados do Centro de Pesquisas Meteorol\u00f3gicas e Clim\u00e1ticas Aplicadas \u00e0 Agricultura &#8211; CEPAGRI\/UNICAMP &#8211; Universidade Estadual de Campinas apontam que a m\u00e9dia de chuva da regi\u00e3o de Campinas est\u00e1 30% abaixo do esperado para o per\u00edodo, situa\u00e7\u00e3o pior que em 2014.<\/p>\n\n\n\n<p>\u201cNum cen\u00e1rio de chuvas abaixo da m\u00e9dia hist\u00f3rica desde o in\u00edcio do ano, \u00e9 imprescind\u00edvel que todos n\u00f3s adotemos medidas pr\u00e1ticas no dia a dia para reduzir o consumo de \u00e1gua. O Saae por meio de Campanhas aborda o quanto o uso da \u00e1gua deve ser repensado, para que n\u00e3o nos falte. Nunca \u00e9 tarde para economizar \u00e1gua e precisamos da conscientiza\u00e7\u00e3o de todos sobre o uso consciente dos nossos recursos h\u00eddricos\u201d, alerta o Superintendente do Saae, Eng. Pedro Claudio Salla.<\/p>\n\n\n\n<p>O Cons\u00f3rcio PCJ (Cons\u00f3rcio formado pelos munic\u00edpios das bacias dos rios Piracicaba, Capivari e Jundia\u00ed), o qual Indaiatuba faz parte, disponibilizou um Boletim sobre a disponibilidade h\u00eddrica nas Bacias PCJ, com o comportamento das precipita\u00e7\u00f5es de chuvas no \u00faltimo m\u00eas de julho e seu impacto no balan\u00e7o h\u00eddrico da regi\u00e3o. O documento mostra, que se permanecer o comportamento clim\u00e1tico atual, o Sistema Cantareira, importante reserva de \u00e1gua para as Bacias PCJ e para a Grande S\u00e3o Paulo, dever\u00e1 chegar em dezembro de 2021 com apenas 20,20% do seu volume \u00fatil.<\/p>\n\n\n\n<p>O Cons\u00f3rcio PCJ atenta que o momento \u00e9 de Alerta e que as precipita\u00e7\u00f5es abaixo da m\u00e9dia v\u00eam sendo verificadas nos \u00faltimos quatro anos, contudo, o que se nota em 2021 \u00e9 uma intensidade maior ainda.<\/p>\n\n\n\n<p>O Saae de Indaiatuba disp\u00f5e de sete mananciais para abastecimento a Represa no rio Capivari-Mirim, C\u00f3rrego do Barnab\u00e9, Represas do Morungaba e do Cupini, Ribeir\u00e3o Pira\u00ed, C\u00f3rrego do Batatinha e rio Jundia\u00ed. A represa do Capivari-Mirim est\u00e1 com 57% da sua capacidade.<\/p>\n\n\n\n<p>Como em diversas outras cidades, Indaiatuba est\u00e1 sentindo o impacto desta severa estiagem, como um diferencial, o investimento do Munic\u00edpio que garante a seguran\u00e7a h\u00eddrica e o abastecimento de Indaiatuba, entre eles, a barragem do Rio Capivari-Mirim, amplia\u00e7\u00e3o em quase 100% na reserva de \u00e1gua tratada e amplia\u00e7\u00e3o da Esta\u00e7\u00e3o de Tratamento de \u00c1gua (ETA III) no bairro Pimenta.<\/p>\n\n\n\n<p>Foto: Divulga\u00e7\u00e3o<\/p>\n","protected":false},"excerpt":{"rendered":"<p>O Servi\u00e7o Aut\u00f4nomo de \u00c1gua e Esgotos (Saae) registrou um aumento de consumo de \u00e1gua em raz\u00e3o do aumento das temperaturas na semana passada. O consumo que j\u00e1 estava acima da m\u00e9dia anual, mesmo nos per\u00edodos mais frios, teve um aumento de 17%. Sem chuvas expressivas desde abril deste ano e enfrentando um inverno seco [&hellip;]<\/p>\n","protected":false},"author":8,"featured_media":900,"comment_status":"closed","ping_status":"open","sticky":false,"template":"","format":"standard","meta":{"rop_custom_images_group":[],"rop_custom_messages_group":[],"rop_publish_now":"initial","rop_publish_now_accounts":[],"rop_publish_now_history":[],"rop_publish_now_status":"pending","footnotes":""},"categories":[188],"tags":[],"class_list":["post-899","post","type-post","status-publish","format-standard","has-post-thumbnail","hentry","category-indaiatuba"],"amp_enabled":true,"_links":{"self":[{"href":"https:\/\/imais.online\/portal\/wp-json\/wp\/v2\/posts\/899","targetHints":{"allow":["GET"]}}],"collection":[{"href":"https:\/\/imais.online\/portal\/wp-json\/wp\/v2\/posts"}],"about":[{"href":"https:\/\/imais.online\/portal\/wp-json\/wp\/v2\/types\/post"}],"author":[{"embeddable":true,"href":"https:\/\/imais.online\/portal\/wp-json\/wp\/v2\/users\/8"}],"replies":[{"embeddable":true,"href":"https:\/\/imais.online\/portal\/wp-json\/wp\/v2\/comments?post=899"}],"version-history":[{"count":1,"href":"https:\/\/imais.online\/portal\/wp-json\/wp\/v2\/posts\/899\/revisions"}],"predecessor-version":[{"id":901,"href":"https:\/\/imais.online\/portal\/wp-json\/wp\/v2\/posts\/899\/revisions\/901"}],"wp:featuredmedia":[{"embeddable":true,"href":"https:\/\/imais.online\/portal\/wp-json\/wp\/v2\/media\/900"}],"wp:attachment":[{"href":"https:\/\/imais.online\/portal\/wp-json\/wp\/v2\/media?parent=899"}],"wp:term":[{"taxonomy":"category","embeddable":true,"href":"https:\/\/imais.online\/portal\/wp-json\/wp\/v2\/categories?post=899"},{"taxonomy":"post_tag","embeddable":true,"href":"https:\/\/imais.online\/portal\/wp-json\/wp\/v2\/tags?post=899"}],"curies":[{"name":"wp","href":"https:\/\/api.w.org\/{rel}","templated":true}]}}