{"id":912,"date":"2021-08-24T10:59:02","date_gmt":"2021-08-24T13:59:02","guid":{"rendered":"https:\/\/imais.online\/portal\/?p=912"},"modified":"2021-08-24T10:59:05","modified_gmt":"2021-08-24T13:59:05","slug":"paula-fernandes-confirma-presenca-em-album-de-sergio-reis","status":"publish","type":"post","link":"https:\/\/imais.online\/portal\/paula-fernandes-confirma-presenca-em-album-de-sergio-reis\/","title":{"rendered":"Paula Fernandes confirma presen\u00e7a em \u00e1lbum de S\u00e9rgio Reis"},"content":{"rendered":"<div class=\"imais-before-content-placement\" id=\"imais-2493518505\"><script async src=\"\/\/pagead2.googlesyndication.com\/pagead\/js\/adsbygoogle.js?client=ca-pub-8787528412751566\" crossorigin=\"anonymous\"><\/script><ins class=\"adsbygoogle\" style=\"display:block;\" data-ad-client=\"ca-pub-8787528412751566\" \ndata-ad-slot=\"\" \ndata-ad-format=\"auto\"><\/ins>\n<script> \n(adsbygoogle = window.adsbygoogle || []).push({}); \n<\/script>\n<\/div>\n<p class=\"has-text-align-center\">Cantora foi a \u00fanica dos seis artistas convidados que n\u00e3o desistiu da participa\u00e7\u00e3o<\/p>\n\n\n\n<p>A cantora Paula Fernandes confirmou, nesta segunda-feira (23), que ir\u00e1 participar do \u00e1lbum de parcerias do cantor S\u00e9rgio Reis. A confirma\u00e7\u00e3o acontece em meio a uma s\u00e9rie desist\u00eancias de artistas convidados pelo sertanejo, que discordam do posicionamento pol\u00edtico do cantor.<\/p>\n\n\n\n<p>\u2013 Paula foi convidada, pelo S\u00e9rgio Reis, a fazer parte do projeto dele no come\u00e7o de 2021. Gravou voz da sua participa\u00e7\u00e3o em est\u00fadio (\u00e0 dist\u00e2ncia) e enviou para a produ\u00e7\u00e3o logo ap\u00f3s o convite. Sim, Paula segue confirmada \u2013 disse a assessoria da cantora ao portal G1.<\/p>\n\n\n\n<p>Al\u00e9m de Paula, Reis havia convidado Z\u00e9 Ramalho, Maria Rita, Guilherme Arantes, Guarabyra e Anast\u00e1cia para participar do projeto musical. Todos os cinco desistiram ap\u00f3s a divulga\u00e7\u00e3o de \u00e1udio em que Reis critica o STF e fala em pressionar o Senado Federal a analisar pedidos de impeachment contra os ministros.<\/p>\n\n\n\n<p><strong>S\u00c9RGIO REIS AFIRMA QUE ERROU EM \u00c1UDIO<br><\/strong>O cantor S\u00e9rgio Reis falou mais uma vez sobre o vazamento de um \u00e1udio nas redes sociais em que ele pedia o afastamento de ministros do Supremo Tribunal Federal (STF).<\/p>\n\n\n\n<p>Em entrevista ao jornalista Roberto Cabrini, no Domingo Espetacular, da Record TV, S\u00e9rgio pediu desculpas pelo fato e afirmou at\u00e9 que vai se entregar, caso uma ordem de pris\u00e3o seja determinada contra ele.<\/p>\n\n\n\n<p>\u2013 Esquece esse \u00e1udio. P\u00f4, eu errei! D\u00e1 licen\u00e7a de eu errar? Acabou! Morreu! N\u00e3o fala mais. Eu errei. Quero me redimir com esse povo. Pe\u00e7o desculpas at\u00e9 ao Supremo. Se tiver algum pedido para me prender, aceito, com respeito. N\u00e3o sa\u00ed daqui; n\u00e3o me escondi. Se \u00e0s 6h da manh\u00e3 vier a Pol\u00edcia Federal, eu me entrego \u2013 declarou.<\/p>\n\n\n\n<p><\/p>\n","protected":false},"excerpt":{"rendered":"<p>Cantora foi a \u00fanica dos seis artistas convidados que n\u00e3o desistiu da participa\u00e7\u00e3o A cantora Paula Fernandes confirmou, nesta segunda-feira (23), que ir\u00e1 participar do \u00e1lbum de parcerias do cantor S\u00e9rgio Reis. A confirma\u00e7\u00e3o acontece em meio a uma s\u00e9rie desist\u00eancias de artistas convidados pelo sertanejo, que discordam do posicionamento pol\u00edtico do cantor. \u2013 Paula [&hellip;]<\/p>\n","protected":false},"author":8,"featured_media":913,"comment_status":"closed","ping_status":"open","sticky":false,"template":"","format":"standard","meta":{"rop_custom_images_group":[],"rop_custom_messages_group":[],"rop_publish_now":"initial","rop_publish_now_accounts":[],"rop_publish_now_history":[],"rop_publish_now_status":"pending","footnotes":""},"categories":[16],"tags":[],"class_list":["post-912","post","type-post","status-publish","format-standard","has-post-thumbnail","hentry","category-entertainment"],"amp_enabled":true,"_links":{"self":[{"href":"https:\/\/imais.online\/portal\/wp-json\/wp\/v2\/posts\/912","targetHints":{"allow":["GET"]}}],"collection":[{"href":"https:\/\/imais.online\/portal\/wp-json\/wp\/v2\/posts"}],"about":[{"href":"https:\/\/imais.online\/portal\/wp-json\/wp\/v2\/types\/post"}],"author":[{"embeddable":true,"href":"https:\/\/imais.online\/portal\/wp-json\/wp\/v2\/users\/8"}],"replies":[{"embeddable":true,"href":"https:\/\/imais.online\/portal\/wp-json\/wp\/v2\/comments?post=912"}],"version-history":[{"count":1,"href":"https:\/\/imais.online\/portal\/wp-json\/wp\/v2\/posts\/912\/revisions"}],"predecessor-version":[{"id":914,"href":"https:\/\/imais.online\/portal\/wp-json\/wp\/v2\/posts\/912\/revisions\/914"}],"wp:featuredmedia":[{"embeddable":true,"href":"https:\/\/imais.online\/portal\/wp-json\/wp\/v2\/media\/913"}],"wp:attachment":[{"href":"https:\/\/imais.online\/portal\/wp-json\/wp\/v2\/media?parent=912"}],"wp:term":[{"taxonomy":"category","embeddable":true,"href":"https:\/\/imais.online\/portal\/wp-json\/wp\/v2\/categories?post=912"},{"taxonomy":"post_tag","embeddable":true,"href":"https:\/\/imais.online\/portal\/wp-json\/wp\/v2\/tags?post=912"}],"curies":[{"name":"wp","href":"https:\/\/api.w.org\/{rel}","templated":true}]}}