{"id":915,"date":"2021-08-24T11:06:14","date_gmt":"2021-08-24T14:06:14","guid":{"rendered":"https:\/\/imais.online\/portal\/?p=915"},"modified":"2021-08-24T11:06:16","modified_gmt":"2021-08-24T14:06:16","slug":"ratinho-diz-que-sergio-reis-esta-sendo-alvo-de-cruzada-do-mal","status":"publish","type":"post","link":"https:\/\/imais.online\/portal\/ratinho-diz-que-sergio-reis-esta-sendo-alvo-de-cruzada-do-mal\/","title":{"rendered":"Ratinho diz que S\u00e9rgio Reis est\u00e1 sendo alvo de \u201ccruzada do mal\u201d"},"content":{"rendered":"<div class=\"imais-before-content-placement\" id=\"imais-240128871\"><script async src=\"\/\/pagead2.googlesyndication.com\/pagead\/js\/adsbygoogle.js?client=ca-pub-8787528412751566\" crossorigin=\"anonymous\"><\/script><ins class=\"adsbygoogle\" style=\"display:block;\" data-ad-client=\"ca-pub-8787528412751566\" \ndata-ad-slot=\"\" \ndata-ad-format=\"auto\"><\/ins>\n<script> \n(adsbygoogle = window.adsbygoogle || []).push({}); \n<\/script>\n<\/div>\n<p class=\"has-text-align-center\">Apresentador criticou artistas que cancelaram participa\u00e7\u00f5es no pr\u00f3ximo \u00e1lbum do cantor<\/p>\n\n\n\n<p>O apresentador\u00a0Ratinho, do SBT, usou parte da edi\u00e7\u00e3o de segunda-feira (23) de seu programa para defender o cantor sertanejo\u00a0S\u00e9rgio Reis. Para o comunicador, S\u00e9rgio est\u00e1 sendo v\u00edtima de uma \u201ccruzada do mal\u201d, ap\u00f3s artistas como Maria Rita, Guilherme Arantes e Z\u00e9 Ramalho cancelarem suas participa\u00e7\u00f5es no pr\u00f3ximo \u00e1lbum do cantor.<\/p>\n\n\n\n<p>\u2013 S\u00e9rgio Reis, quero dizer que voc\u00ea tem o meu apoio contra essa verdadeira cruzada do mal que voc\u00ea est\u00e1 sofrendo. O que eu sei \u00e9 [que] hoje o Brasil n\u00e3o suporta opini\u00f5es contr\u00e1rias. O Sergi\u00e3o t\u00e1 sofrendo uma persegui\u00e7\u00e3o sem igual \u2013 afirmou Ratinho.<\/p>\n","protected":false},"excerpt":{"rendered":"<p>Apresentador criticou artistas que cancelaram participa\u00e7\u00f5es no pr\u00f3ximo \u00e1lbum do cantor O apresentador\u00a0Ratinho, do SBT, usou parte da edi\u00e7\u00e3o de segunda-feira (23) de seu programa para defender o cantor sertanejo\u00a0S\u00e9rgio Reis. Para o comunicador, S\u00e9rgio est\u00e1 sendo v\u00edtima de uma \u201ccruzada do mal\u201d, ap\u00f3s artistas como Maria Rita, Guilherme Arantes e Z\u00e9 Ramalho cancelarem suas [&hellip;]<\/p>\n","protected":false},"author":8,"featured_media":916,"comment_status":"closed","ping_status":"open","sticky":false,"template":"","format":"standard","meta":{"rop_custom_images_group":[],"rop_custom_messages_group":[],"rop_publish_now":"initial","rop_publish_now_accounts":[],"rop_publish_now_history":[],"rop_publish_now_status":"pending","footnotes":""},"categories":[16],"tags":[],"class_list":["post-915","post","type-post","status-publish","format-standard","has-post-thumbnail","hentry","category-entertainment"],"amp_enabled":true,"_links":{"self":[{"href":"https:\/\/imais.online\/portal\/wp-json\/wp\/v2\/posts\/915","targetHints":{"allow":["GET"]}}],"collection":[{"href":"https:\/\/imais.online\/portal\/wp-json\/wp\/v2\/posts"}],"about":[{"href":"https:\/\/imais.online\/portal\/wp-json\/wp\/v2\/types\/post"}],"author":[{"embeddable":true,"href":"https:\/\/imais.online\/portal\/wp-json\/wp\/v2\/users\/8"}],"replies":[{"embeddable":true,"href":"https:\/\/imais.online\/portal\/wp-json\/wp\/v2\/comments?post=915"}],"version-history":[{"count":1,"href":"https:\/\/imais.online\/portal\/wp-json\/wp\/v2\/posts\/915\/revisions"}],"predecessor-version":[{"id":917,"href":"https:\/\/imais.online\/portal\/wp-json\/wp\/v2\/posts\/915\/revisions\/917"}],"wp:featuredmedia":[{"embeddable":true,"href":"https:\/\/imais.online\/portal\/wp-json\/wp\/v2\/media\/916"}],"wp:attachment":[{"href":"https:\/\/imais.online\/portal\/wp-json\/wp\/v2\/media?parent=915"}],"wp:term":[{"taxonomy":"category","embeddable":true,"href":"https:\/\/imais.online\/portal\/wp-json\/wp\/v2\/categories?post=915"},{"taxonomy":"post_tag","embeddable":true,"href":"https:\/\/imais.online\/portal\/wp-json\/wp\/v2\/tags?post=915"}],"curies":[{"name":"wp","href":"https:\/\/api.w.org\/{rel}","templated":true}]}}