{"id":9230,"date":"2022-09-18T14:56:35","date_gmt":"2022-09-18T17:56:35","guid":{"rendered":"https:\/\/imais.online\/portal\/?p=9230"},"modified":"2022-09-18T14:56:36","modified_gmt":"2022-09-18T17:56:36","slug":"apos-pandemia-santuario-de-aparecida-espera-150-mil-fieis-na-festa-da-padroeira","status":"publish","type":"post","link":"https:\/\/imais.online\/portal\/apos-pandemia-santuario-de-aparecida-espera-150-mil-fieis-na-festa-da-padroeira\/","title":{"rendered":"Ap\u00f3s pandemia, santu\u00e1rio de Aparecida espera 150 mil fi\u00e9is na festa da padroeira"},"content":{"rendered":"<div class=\"imais-before-content-placement\" id=\"imais-20801104\"><script async src=\"\/\/pagead2.googlesyndication.com\/pagead\/js\/adsbygoogle.js?client=ca-pub-8787528412751566\" crossorigin=\"anonymous\"><\/script><ins class=\"adsbygoogle\" style=\"display:block;\" data-ad-client=\"ca-pub-8787528412751566\" \ndata-ad-slot=\"\" \ndata-ad-format=\"auto\"><\/ins>\n<script> \n(adsbygoogle = window.adsbygoogle || []).push({}); \n<\/script>\n<\/div>\n<p>Foram programadas sete missas para o dia 12, sem restri\u00e7\u00e3o de p\u00fablico. A capacidade total do santu\u00e1rio \u00e9 de at\u00e9 35 mil pessoas por celebra\u00e7\u00e3o<\/p>\n\n\n\n<p>Faltando menos de um m\u00eas para o 12 de outubro, o Santu\u00e1rio Nacional de Aparecida iniciou os preparativos para receber ao menos 150 mil fi\u00e9is durante as celebra\u00e7\u00f5es da Padroeira do Brasil. No ano passado, ainda sob os efeitos da pandemia de covid-19, o p\u00fablico n\u00e3o passou de 70 mil pessoas. As missas foram realizadas com limite de 2,5 mil pessoas por celebra\u00e7\u00e3o. Em 2020, o p\u00fablico n\u00e3o p\u00f4de comparecer e os rituais foram transmitidos pela TV e pela internet. Este \u00e9 o primeiro ano desde 2019 em que a festa se realiza sem restri\u00e7\u00f5es.<\/p>\n\n\n\n<p>A programa\u00e7\u00e3o para a retomada de um dos maiores eventos cat\u00f3licos do Pa\u00eds foi divulgada na quarta-feira. Foram programadas sete missas para o dia 12, sem restri\u00e7\u00e3o de p\u00fablico. A capacidade total do santu\u00e1rio \u00e9 de at\u00e9 35 mil pessoas por celebra\u00e7\u00e3o.<\/p>\n\n\n\n<p>A novena preparat\u00f3ria ser\u00e1 realizada entre os dias 3 e 11 de outubro, no Altar Central da Bas\u00edlica. Os devotos que participarem presencialmente ser\u00e3o convidados a colaborar com doa\u00e7\u00e3o de alimentos e de materiais de limpeza e higiene pessoal, que ser\u00e3o entregues a institui\u00e7\u00f5es beneficentes.<\/p>\n\n\n\n<p>No dia 5 de outubro, \u00e0s 16 horas, ocorrer\u00e1 a tradicional carreata no entorno da bas\u00edlica e pelas ruas da cidade. Na data, moradores e visitantes t\u00eam o h\u00e1bito de enfeitar as janelas das casas e dos hot\u00e9is para a passagem da prociss\u00e3o.<\/p>\n\n\n\n<p>Um passeio cicl\u00edstico est\u00e1 marcado para a manh\u00e3 do dia 10. Os ciclistas partem do P\u00e1tio das Palmeiras em dire\u00e7\u00e3o \u00e0 Cidade do Romeiro, passando por Caminho do Ros\u00e1rio e Porto Itagua\u00e7u, local onde foi encontrada a imagem da Padroeira. \u00c0 noite, ser\u00e1 realizado um festival, com a participa\u00e7\u00e3o do cantor Daniel e convidados.<\/p>\n\n\n\n<p>No dia 11, v\u00e9spera da festa principal, haver\u00e1 uma prociss\u00e3o noturna com os fi\u00e9is portando velas acesas em caminhada at\u00e9 o local onde a imagem da santa foi encontrada, no Rio Para\u00edba do Sul. Ap\u00f3s a prociss\u00e3o, ter\u00e1 in\u00edcio a Vig\u00edlia Mariana na bas\u00edlica, que avan\u00e7a at\u00e9 a madrugada.<\/p>\n\n\n\n<p>No dia de Nossa Senhora Aparecida, a primeira missa come\u00e7a \u00e0s 5 horas, no Altar Central. Outras celebra\u00e7\u00f5es v\u00e3o ocorrer quase em sequ\u00eancia no mesmo local. A partir das 18 horas haver\u00e1 uma prociss\u00e3o, saindo da Bas\u00edlica Hist\u00f3rica, em dire\u00e7\u00e3o ao Santu\u00e1rio Nacional. A festa termina com um show pirot\u00e9cnico.<\/p>\n\n\n\n<p><strong>Preparativos<\/strong><\/p>\n\n\n\n<p>A prefeitura de Aparecida j\u00e1 iniciou os preparativos para receber romeiros. Os pontos tur\u00edsticos da cidade receberam melhorias e a sinaliza\u00e7\u00e3o de tr\u00e2nsito foi renovada. Conforme o Sindicato de Hot\u00e9is, Restaurantes, Bares e Similares de Aparecida, a cidade conta com 45 mil leitos e 60% j\u00e1 est\u00e3o reservados para o dia da padroeira.<\/p>\n\n\n\n<p>As informa\u00e7\u00f5es s\u00e3o do jornal&nbsp;O Estado de S. Paulo.<\/p>\n","protected":false},"excerpt":{"rendered":"<p>Foram programadas sete missas para o dia 12, sem restri\u00e7\u00e3o de p\u00fablico. A capacidade total do santu\u00e1rio \u00e9 de at\u00e9 35 mil pessoas por celebra\u00e7\u00e3o Faltando menos de um m\u00eas para o 12 de outubro, o Santu\u00e1rio Nacional de Aparecida iniciou os preparativos para receber ao menos 150 mil fi\u00e9is durante as celebra\u00e7\u00f5es da Padroeira [&hellip;]<\/p>\n","protected":false},"author":8,"featured_media":9231,"comment_status":"closed","ping_status":"open","sticky":false,"template":"","format":"standard","meta":{"rop_custom_images_group":[],"rop_custom_messages_group":[],"rop_publish_now":"initial","rop_publish_now_accounts":[],"rop_publish_now_history":[],"rop_publish_now_status":"pending","footnotes":""},"categories":[195],"tags":[],"class_list":["post-9230","post","type-post","status-publish","format-standard","has-post-thumbnail","hentry","category-sao-paulo"],"amp_enabled":true,"_links":{"self":[{"href":"https:\/\/imais.online\/portal\/wp-json\/wp\/v2\/posts\/9230","targetHints":{"allow":["GET"]}}],"collection":[{"href":"https:\/\/imais.online\/portal\/wp-json\/wp\/v2\/posts"}],"about":[{"href":"https:\/\/imais.online\/portal\/wp-json\/wp\/v2\/types\/post"}],"author":[{"embeddable":true,"href":"https:\/\/imais.online\/portal\/wp-json\/wp\/v2\/users\/8"}],"replies":[{"embeddable":true,"href":"https:\/\/imais.online\/portal\/wp-json\/wp\/v2\/comments?post=9230"}],"version-history":[{"count":1,"href":"https:\/\/imais.online\/portal\/wp-json\/wp\/v2\/posts\/9230\/revisions"}],"predecessor-version":[{"id":9232,"href":"https:\/\/imais.online\/portal\/wp-json\/wp\/v2\/posts\/9230\/revisions\/9232"}],"wp:featuredmedia":[{"embeddable":true,"href":"https:\/\/imais.online\/portal\/wp-json\/wp\/v2\/media\/9231"}],"wp:attachment":[{"href":"https:\/\/imais.online\/portal\/wp-json\/wp\/v2\/media?parent=9230"}],"wp:term":[{"taxonomy":"category","embeddable":true,"href":"https:\/\/imais.online\/portal\/wp-json\/wp\/v2\/categories?post=9230"},{"taxonomy":"post_tag","embeddable":true,"href":"https:\/\/imais.online\/portal\/wp-json\/wp\/v2\/tags?post=9230"}],"curies":[{"name":"wp","href":"https:\/\/api.w.org\/{rel}","templated":true}]}}