{"id":9313,"date":"2022-09-21T07:24:26","date_gmt":"2022-09-21T10:24:26","guid":{"rendered":"https:\/\/imais.online\/portal\/?p=9313"},"modified":"2022-09-21T07:24:28","modified_gmt":"2022-09-21T10:24:28","slug":"circuito-das-frutas-participa-do-1o-encontro-de-consorcios-do-estado-de-sao-paulo","status":"publish","type":"post","link":"https:\/\/imais.online\/portal\/circuito-das-frutas-participa-do-1o-encontro-de-consorcios-do-estado-de-sao-paulo\/","title":{"rendered":"Circuito das Frutas participa do 1\u00ba Encontro de Cons\u00f3rcios do Estado de S\u00e3o Paulo"},"content":{"rendered":"<div class=\"imais-before-content-placement\" id=\"imais-2994926862\"><script async src=\"\/\/pagead2.googlesyndication.com\/pagead\/js\/adsbygoogle.js?client=ca-pub-8787528412751566\" crossorigin=\"anonymous\"><\/script><ins class=\"adsbygoogle\" style=\"display:block;\" data-ad-client=\"ca-pub-8787528412751566\" \ndata-ad-slot=\"\" \ndata-ad-format=\"auto\"><\/ins>\n<script> \n(adsbygoogle = window.adsbygoogle || []).push({}); \n<\/script>\n<\/div>\n<p class=\"has-text-align-center\"><em>Encontro aconteceu no dia 15 de setembro, no munic\u00edpio de Serra Negra<\/em><\/p>\n\n\n\n<p>O Cons\u00f3rcio de Turismo do Circuito das Frutas participou, no \u00faltimo dia 15, do 1\u00ba Encontro de Cons\u00f3rcios do Estado de S\u00e3o Paulo, organizado pelo Circuito das \u00c1guas Paulista&nbsp; com o apoio da Secretaria de Turismo e Viagens do Estado. Realizado na cidade de Serra Negra, o objetivo principal deste encontro foi a cria\u00e7\u00e3o de uma rede entre os Cons\u00f3rcios do Estado, para fortalecimento dos destinos tur\u00edsticos e regi\u00f5es tur\u00edsticas paulistas.<\/p>\n\n\n\n<p>Com o tema \u201cO turismo como prioridade das cidades\u201d, a reuni\u00e3o ressaltou a import\u00e2ncia do turismo no setor econ\u00f4mico para gera\u00e7\u00e3o de emprego e renda, assim como a cria\u00e7\u00e3o de novos neg\u00f3cios e aumento da produ\u00e7\u00e3o de bens e servi\u00e7os. Vinicius Lummertz, Secret\u00e1rio de Turismo e Viagens de S\u00e3o Paulo, esteve presente, com um painel de discuss\u00f5es sobre \u201cAs Parcerias P\u00fablico-Privadas e seu papel no desenvolvimento do turismo regional\u201d.<\/p>\n\n\n\n<p>A representante da Presid\u00eancia do Circuito das Frutas e Diretora de Turismo de Jundia\u00ed, Marcela Moro, acompanhou o evento, e refor\u00e7ou a import\u00e2ncia desta a\u00e7\u00e3o para o fortalecimento de todos os cons\u00f3rcios. &#8220;Aqui no Estado de S\u00e3o Paulo, os Cons\u00f3rcios desempenham um papel extremamente relevante na organiza\u00e7\u00e3o dos destinos tur\u00edsticos e regi\u00f5es. Com esse trabalho integrado, conseguimos entender que muitas dificuldades s\u00e3o comuns a todos e, assim, podemos nos estruturar para atingir objetivos que tamb\u00e9m s\u00e3o comuns a todos, de maneira mais f\u00e1cil. A cria\u00e7\u00e3o de uma rede certamente ir\u00e1 facilitar e otimizar o desenvolvimento dos destinos tur\u00edsticos paulistas&#8221;, afirma Marcela.<\/p>\n\n\n\n<p>O encontro reuniu mais de 30 munic\u00edpios que representam 18 cons\u00f3rcios tur\u00edsticos do Estado de S\u00e3o Paulo.<\/p>\n","protected":false},"excerpt":{"rendered":"<p>Encontro aconteceu no dia 15 de setembro, no munic\u00edpio de Serra Negra O Cons\u00f3rcio de Turismo do Circuito das Frutas participou, no \u00faltimo dia 15, do 1\u00ba Encontro de Cons\u00f3rcios do Estado de S\u00e3o Paulo, organizado pelo Circuito das \u00c1guas Paulista&nbsp; com o apoio da Secretaria de Turismo e Viagens do Estado. Realizado na cidade [&hellip;]<\/p>\n","protected":false},"author":7,"featured_media":9314,"comment_status":"closed","ping_status":"open","sticky":false,"template":"","format":"standard","meta":{"rop_custom_images_group":[],"rop_custom_messages_group":[],"rop_publish_now":"initial","rop_publish_now_accounts":[],"rop_publish_now_history":[],"rop_publish_now_status":"pending","footnotes":""},"categories":[195],"tags":[],"class_list":["post-9313","post","type-post","status-publish","format-standard","has-post-thumbnail","hentry","category-sao-paulo"],"amp_enabled":true,"_links":{"self":[{"href":"https:\/\/imais.online\/portal\/wp-json\/wp\/v2\/posts\/9313","targetHints":{"allow":["GET"]}}],"collection":[{"href":"https:\/\/imais.online\/portal\/wp-json\/wp\/v2\/posts"}],"about":[{"href":"https:\/\/imais.online\/portal\/wp-json\/wp\/v2\/types\/post"}],"author":[{"embeddable":true,"href":"https:\/\/imais.online\/portal\/wp-json\/wp\/v2\/users\/7"}],"replies":[{"embeddable":true,"href":"https:\/\/imais.online\/portal\/wp-json\/wp\/v2\/comments?post=9313"}],"version-history":[{"count":1,"href":"https:\/\/imais.online\/portal\/wp-json\/wp\/v2\/posts\/9313\/revisions"}],"predecessor-version":[{"id":9315,"href":"https:\/\/imais.online\/portal\/wp-json\/wp\/v2\/posts\/9313\/revisions\/9315"}],"wp:featuredmedia":[{"embeddable":true,"href":"https:\/\/imais.online\/portal\/wp-json\/wp\/v2\/media\/9314"}],"wp:attachment":[{"href":"https:\/\/imais.online\/portal\/wp-json\/wp\/v2\/media?parent=9313"}],"wp:term":[{"taxonomy":"category","embeddable":true,"href":"https:\/\/imais.online\/portal\/wp-json\/wp\/v2\/categories?post=9313"},{"taxonomy":"post_tag","embeddable":true,"href":"https:\/\/imais.online\/portal\/wp-json\/wp\/v2\/tags?post=9313"}],"curies":[{"name":"wp","href":"https:\/\/api.w.org\/{rel}","templated":true}]}}