{"id":9329,"date":"2022-09-22T07:04:20","date_gmt":"2022-09-22T10:04:20","guid":{"rendered":"https:\/\/imais.online\/portal\/?p=9329"},"modified":"2022-09-22T07:04:21","modified_gmt":"2022-09-22T10:04:21","slug":"camerata-filarmonica-de-indaiatuba-apresenta-concerto-com-repertorio-dedicado-a-mozart","status":"publish","type":"post","link":"https:\/\/imais.online\/portal\/camerata-filarmonica-de-indaiatuba-apresenta-concerto-com-repertorio-dedicado-a-mozart\/","title":{"rendered":"Camerata Filarm\u00f4nica de Indaiatuba apresenta concerto com repert\u00f3rio dedicado a Mozart"},"content":{"rendered":"<div class=\"imais-before-content-placement\" id=\"imais-3815024877\"><script async src=\"\/\/pagead2.googlesyndication.com\/pagead\/js\/adsbygoogle.js?client=ca-pub-8787528412751566\" crossorigin=\"anonymous\"><\/script><ins class=\"adsbygoogle\" style=\"display:block;\" data-ad-client=\"ca-pub-8787528412751566\" \ndata-ad-slot=\"\" \ndata-ad-format=\"auto\"><\/ins>\n<script> \n(adsbygoogle = window.adsbygoogle || []).push({}); \n<\/script>\n<\/div>\n<p class=\"has-text-align-center\"><em>Camerata Filarm\u00f4nica Jovem, os Coros Adulto e Infanto-Juvenil e o Quarteto Guarany estar\u00e3o no CIAEI<\/em><\/p>\n\n\n\n<p>A Camerata Filarm\u00f4nica de Indaiatuba (ACAFI) realiza um novo concerto da Temporada 2022 no pr\u00f3ximo dia 1\u00ba de outubro, \u00e0s 20h, na Sala Acr\u00edsio de Camargo, no Centro Integrado de Apoio \u00e0 Educa\u00e7\u00e3o de Indaiatuba (CIAEI). A Camerata Filarm\u00f4nica Jovem, com a participa\u00e7\u00e3o dos Coros Adulto e Infanto-Juvenil da ACAFI e tamb\u00e9m do Quarteto Guarany, apresenta um repert\u00f3rio dedicado ao compositor austr\u00edaco Wolfgang Amadeus Mozart, considerado um dos mais marcantes do Classicismo. A entrada \u00e9 franca e por ordem de chegada.<\/p>\n\n\n\n<p>Entre as obras mais conhecidas que integram o repert\u00f3rio est\u00e3o o quarteto de cordas <em>Disson\u00e2ncias<\/em>, em d\u00f3 maior, e a <em>Sinfonia N\u00ba 25<\/em>, em sol menor. S\u00e3o obras caracter\u00edsticas, com temas conhecidos e muito lembrados pelo filme <em>Amadeus<\/em> (1984), do diretor Milos Forman, que conta detalhes da rivalidade entre Mozart (Tom Hulce) e Antonio Salieri (F. Murray Abraham).&nbsp;<\/p>\n\n\n\n<p>A dire\u00e7\u00e3o art\u00edstica e reg\u00eancia s\u00e3o de Nat\u00e1lia Larangeira, que ter\u00e1 como assistentes Alexandre Cruz e Fernando Cardoso. Os regentes dos coros s\u00e3o Rafael Leandro Gouveia (Adulto) e Mariana Trento (Infanto-Juvenil). O pianista ser\u00e1 Danilo Ferreira Lopes e o Quarteto Guarany \u00e9 formado por Alexandre Cruz (1\u00ba violino), Veridiana Oliveira (2\u00ba violino), Gabriel Andrade (viola) e Sabrina Passarelli (violoncelo), que tamb\u00e9m \u00e9 coordenadora pedag\u00f3gica da ACAFI.&nbsp;<\/p>\n\n\n\n<p>O concerto \u00e9 uma realiza\u00e7\u00e3o da Associa\u00e7\u00e3o Camerata Filarm\u00f4nica de Indaiatuba, com apoio da Prefeitura de Indaiatuba, por meio da Secretaria Municipal de Cultura, e do Programa de A\u00e7\u00e3o Cultural (ProAC) do Governo do Estado de S\u00e3o Paulo.<\/p>\n\n\n\n<p><strong>Concerto <\/strong><em><strong>Mozart<\/strong><\/em><strong><\/strong><\/p>\n\n\n\n<p><strong>Com: <\/strong>Camerata Filarm\u00f4nica Jovem, Coro Infanto-Juvenil, Coro Adulto e Quarteto Guarany<br><strong>Data: <\/strong>1\u00ba de outubro<br><strong>Hor\u00e1rio: <\/strong>20 horas<br><strong>Local: <\/strong>Sala Acr\u00edsio de Camargo<br><strong>Endere\u00e7o: <\/strong>Av. Eng. F\u00e1bio Roberto Barnab\u00e9, 3.665, Jardim Regina, Indaiatuba (SP)<br><strong>Entrada franca e por ordem de chegada<\/strong><\/p>\n","protected":false},"excerpt":{"rendered":"<p>Camerata Filarm\u00f4nica Jovem, os Coros Adulto e Infanto-Juvenil e o Quarteto Guarany estar\u00e3o no CIAEI A Camerata Filarm\u00f4nica de Indaiatuba (ACAFI) realiza um novo concerto da Temporada 2022 no pr\u00f3ximo dia 1\u00ba de outubro, \u00e0s 20h, na Sala Acr\u00edsio de Camargo, no Centro Integrado de Apoio \u00e0 Educa\u00e7\u00e3o de Indaiatuba (CIAEI). A Camerata Filarm\u00f4nica Jovem, [&hellip;]<\/p>\n","protected":false},"author":7,"featured_media":9330,"comment_status":"closed","ping_status":"open","sticky":false,"template":"","format":"standard","meta":{"rop_custom_images_group":[],"rop_custom_messages_group":[],"rop_publish_now":"initial","rop_publish_now_accounts":[],"rop_publish_now_history":[],"rop_publish_now_status":"pending","footnotes":""},"categories":[200],"tags":[73],"class_list":["post-9329","post","type-post","status-publish","format-standard","has-post-thumbnail","hentry","category-cultura","tag-featured"],"amp_enabled":true,"_links":{"self":[{"href":"https:\/\/imais.online\/portal\/wp-json\/wp\/v2\/posts\/9329","targetHints":{"allow":["GET"]}}],"collection":[{"href":"https:\/\/imais.online\/portal\/wp-json\/wp\/v2\/posts"}],"about":[{"href":"https:\/\/imais.online\/portal\/wp-json\/wp\/v2\/types\/post"}],"author":[{"embeddable":true,"href":"https:\/\/imais.online\/portal\/wp-json\/wp\/v2\/users\/7"}],"replies":[{"embeddable":true,"href":"https:\/\/imais.online\/portal\/wp-json\/wp\/v2\/comments?post=9329"}],"version-history":[{"count":1,"href":"https:\/\/imais.online\/portal\/wp-json\/wp\/v2\/posts\/9329\/revisions"}],"predecessor-version":[{"id":9331,"href":"https:\/\/imais.online\/portal\/wp-json\/wp\/v2\/posts\/9329\/revisions\/9331"}],"wp:featuredmedia":[{"embeddable":true,"href":"https:\/\/imais.online\/portal\/wp-json\/wp\/v2\/media\/9330"}],"wp:attachment":[{"href":"https:\/\/imais.online\/portal\/wp-json\/wp\/v2\/media?parent=9329"}],"wp:term":[{"taxonomy":"category","embeddable":true,"href":"https:\/\/imais.online\/portal\/wp-json\/wp\/v2\/categories?post=9329"},{"taxonomy":"post_tag","embeddable":true,"href":"https:\/\/imais.online\/portal\/wp-json\/wp\/v2\/tags?post=9329"}],"curies":[{"name":"wp","href":"https:\/\/api.w.org\/{rel}","templated":true}]}}