{"id":9395,"date":"2022-09-27T09:33:25","date_gmt":"2022-09-27T12:33:25","guid":{"rendered":"https:\/\/imais.online\/portal\/?p=9395"},"modified":"2022-09-27T09:33:26","modified_gmt":"2022-09-27T12:33:26","slug":"cronograma-do-servico-de-coleta-de-lixo-domiciliar-sera-atualizado-a-partir-de-12-de-outubro","status":"publish","type":"post","link":"https:\/\/imais.online\/portal\/cronograma-do-servico-de-coleta-de-lixo-domiciliar-sera-atualizado-a-partir-de-12-de-outubro\/","title":{"rendered":"Cronograma do servi\u00e7o de coleta de lixo domiciliar ser\u00e1 atualizado a partir de 12 de outubro"},"content":{"rendered":"<div class=\"imais-before-content-placement\" id=\"imais-1979480991\"><script async src=\"\/\/pagead2.googlesyndication.com\/pagead\/js\/adsbygoogle.js?client=ca-pub-8787528412751566\" crossorigin=\"anonymous\"><\/script><ins class=\"adsbygoogle\" style=\"display:block;\" data-ad-client=\"ca-pub-8787528412751566\" \ndata-ad-slot=\"\" \ndata-ad-format=\"auto\"><\/ins>\n<script> \n(adsbygoogle = window.adsbygoogle || []).push({}); \n<\/script>\n<\/div>\n<p class=\"has-text-align-center\"><em>Popula\u00e7\u00e3o deve ficar atenta aos bairros que sofrer\u00e3o mudan\u00e7as nos dias ou hor\u00e1rios da coleta<\/em><\/p>\n\n\n\n<p>A Secretaria de Servi\u00e7os Urbanos e Meio Ambiente informa que o calend\u00e1rio de coleta de lixo domiciliar de Indaiatuba ser\u00e1 atualizado a partir do dia 12 de outubro. Em algumas regi\u00f5es da cidade, a coleta passar\u00e1 a acontecer em dias ou hor\u00e1rios diferentes. A mudan\u00e7a \u00e9 necess\u00e1ria para atender o crescimento urbano, o tr\u00e2nsito e, principalmente, para melhor adequar a presta\u00e7\u00e3o de servi\u00e7o \u00e0s necessidades dos mun\u00edcipes. &nbsp;A atualiza\u00e7\u00e3o abrange 65 bairros, o que corresponde a 30% dos domic\u00edlios do munic\u00edpio atendidos pelo servi\u00e7o.<\/p>\n\n\n\n<p>A maioria das altera\u00e7\u00f5es \u00e9 referente ao turno de coleta, mas para algumas localidades a frequ\u00eancia tamb\u00e9m foi alterada, por isso a popula\u00e7\u00e3o deve ficar atenta ao novo calend\u00e1rio. Os bairros que ter\u00e3o novo cronograma de coleta podem ser conferidos <a href=\"https:\/\/www.indaiatuba.sp.gov.br\/relacoes-institucionais\/imprensa\/noticias\/31376\/\">no site da Prefeitura<\/a> ou no endere\u00e7o eletr\u00f4nico <a href=\"www.corpus.com.br\/coletaindaiatuba\">www.corpus.com.br\/coletaindaiatuba<\/a>.<\/p>\n\n\n\n<p>O secret\u00e1rio de Servi\u00e7os Urbanos, Guilherme Magnusson, explica que Indaiatuba est\u00e1 crescendo e \u00e9 preciso atender os novos bairros que est\u00e3o se formando. \u201cEsse novo cronograma desenvolvido pela Corpus est\u00e1 bem completo, tanto que no itiner\u00e1rio do servi\u00e7o j\u00e1 foi previsto e inclu\u00eddo os novos zoneamentos como o Parque Reserva Santa Maria, Park Meraki e o loteamento Monte Carlos\u201d, ressaltou. \u201cO cuidado com o tr\u00e2nsito tamb\u00e9m foi considerado, tanto que as \u00e1reas mais pr\u00f3ximas \u00e0 regi\u00e3o central da cidade, passar\u00e3o a contar com o servi\u00e7o somente ap\u00f3s \u00e0s 17 horas, para se evitar congestionamentos e acidentes durante o dia, quando \u00e9 registrada uma maior movimenta\u00e7\u00e3o de pessoas e ve\u00edculos no local\u201d, completou.<\/p>\n\n\n\n<p>A coleta no per\u00edodo diurno ficou com as regi\u00f5es mais perif\u00e9ricas e zonas rurais da cidade, pois s\u00e3o locais mais afastados, possuem ruas de dif\u00edcil acesso e, algumas, ainda possuem estradas de terra, o que dificulta a passagem dos caminh\u00f5es compactadores.<\/p>\n\n\n\n<p>A dire\u00e7\u00e3o da Corpus Saneamento e Obras, empresa respons\u00e1vel pelo servi\u00e7o no munic\u00edpio, refor\u00e7a que a participa\u00e7\u00e3o popular nesse processo \u00e9 importante para manter a cidade limpa e bem cuidada. O servi\u00e7o conta com o apoio do cidad\u00e3o porque \u00e9 dele a fun\u00e7\u00e3o de colocar o lixo para fora, bem ensacado e somente nos dias indicados no calend\u00e1rio.<\/p>\n\n\n\n<p>A recomenda\u00e7\u00e3o \u00e9 que o res\u00edduo dom\u00e9stico s\u00f3 seja colocado nas cal\u00e7adas bem pr\u00f3ximo ao hor\u00e1rio do in\u00edcio de cada turno de coleta, que \u00e9 \u00e0s 6hs para a diurna e \u00e0s 17h no per\u00edodo noturno. A atitude colabora com o meio ambiente, considerando que o lixo mal embalado ou que fica muito tempo nas cal\u00e7adas, durante as esta\u00e7\u00f5es chuvosas pode ser levado pelas \u00e1guas, entupindo bueiros, contaminando vias pluviais e poluindo rios e len\u00e7\u00f3is fre\u00e1ticos.<\/p>\n\n\n\n<p>Sacos de lixo bem fechados e abrigados e colocados na cal\u00e7ada pr\u00f3ximo ao hor\u00e1rio da coleta, evitam tamb\u00e9m que animais rasguem \u00e0 procura de alimentos, sujando as ruas e causando transtornos como o mau cheiro e a prolifera\u00e7\u00e3o de pragas urbanas, como ratos e baratas, ou podem virar criadouros de transmissores de doen\u00e7as como a dengue, por exemplo.<\/p>\n","protected":false},"excerpt":{"rendered":"<p>Popula\u00e7\u00e3o deve ficar atenta aos bairros que sofrer\u00e3o mudan\u00e7as nos dias ou hor\u00e1rios da coleta A Secretaria de Servi\u00e7os Urbanos e Meio Ambiente informa que o calend\u00e1rio de coleta de lixo domiciliar de Indaiatuba ser\u00e1 atualizado a partir do dia 12 de outubro. Em algumas regi\u00f5es da cidade, a coleta passar\u00e1 a acontecer em dias [&hellip;]<\/p>\n","protected":false},"author":7,"featured_media":9396,"comment_status":"closed","ping_status":"open","sticky":false,"template":"","format":"standard","meta":{"rop_custom_images_group":[],"rop_custom_messages_group":[],"rop_publish_now":"initial","rop_publish_now_accounts":[],"rop_publish_now_history":[],"rop_publish_now_status":"pending","footnotes":""},"categories":[188],"tags":[],"class_list":["post-9395","post","type-post","status-publish","format-standard","has-post-thumbnail","hentry","category-indaiatuba"],"amp_enabled":true,"_links":{"self":[{"href":"https:\/\/imais.online\/portal\/wp-json\/wp\/v2\/posts\/9395","targetHints":{"allow":["GET"]}}],"collection":[{"href":"https:\/\/imais.online\/portal\/wp-json\/wp\/v2\/posts"}],"about":[{"href":"https:\/\/imais.online\/portal\/wp-json\/wp\/v2\/types\/post"}],"author":[{"embeddable":true,"href":"https:\/\/imais.online\/portal\/wp-json\/wp\/v2\/users\/7"}],"replies":[{"embeddable":true,"href":"https:\/\/imais.online\/portal\/wp-json\/wp\/v2\/comments?post=9395"}],"version-history":[{"count":1,"href":"https:\/\/imais.online\/portal\/wp-json\/wp\/v2\/posts\/9395\/revisions"}],"predecessor-version":[{"id":9397,"href":"https:\/\/imais.online\/portal\/wp-json\/wp\/v2\/posts\/9395\/revisions\/9397"}],"wp:featuredmedia":[{"embeddable":true,"href":"https:\/\/imais.online\/portal\/wp-json\/wp\/v2\/media\/9396"}],"wp:attachment":[{"href":"https:\/\/imais.online\/portal\/wp-json\/wp\/v2\/media?parent=9395"}],"wp:term":[{"taxonomy":"category","embeddable":true,"href":"https:\/\/imais.online\/portal\/wp-json\/wp\/v2\/categories?post=9395"},{"taxonomy":"post_tag","embeddable":true,"href":"https:\/\/imais.online\/portal\/wp-json\/wp\/v2\/tags?post=9395"}],"curies":[{"name":"wp","href":"https:\/\/api.w.org\/{rel}","templated":true}]}}