{"id":9411,"date":"2022-09-28T10:26:27","date_gmt":"2022-09-28T13:26:27","guid":{"rendered":"https:\/\/imais.online\/portal\/?p=9411"},"modified":"2022-09-28T10:26:28","modified_gmt":"2022-09-28T13:26:28","slug":"secretaria-de-educacao-de-indaiatuba-recebe-onibus-escolar-cedido-pelo-governo-do-estado","status":"publish","type":"post","link":"https:\/\/imais.online\/portal\/secretaria-de-educacao-de-indaiatuba-recebe-onibus-escolar-cedido-pelo-governo-do-estado\/","title":{"rendered":"Secretaria de Educa\u00e7\u00e3o de Indaiatuba recebe \u00f4nibus escolar cedido pelo Governo do Estado"},"content":{"rendered":"<div class=\"imais-before-content-placement\" id=\"imais-706068546\"><script async src=\"\/\/pagead2.googlesyndication.com\/pagead\/js\/adsbygoogle.js?client=ca-pub-8787528412751566\" crossorigin=\"anonymous\"><\/script><ins class=\"adsbygoogle\" style=\"display:block;\" data-ad-client=\"ca-pub-8787528412751566\" \ndata-ad-slot=\"\" \ndata-ad-format=\"auto\"><\/ins>\n<script> \n(adsbygoogle = window.adsbygoogle || []).push({}); \n<\/script>\n<\/div>\n<p><em><small>Ve\u00edculo escolar tipo ORE 1 tem capacidade para transportar 29 alunos sentados<\/small><\/em><\/p>\n\n\n\n<p>Na manh\u00e3 da segunda-feira, 26 de setembro, o secret\u00e1rio de Educa\u00e7\u00e3o, Heleno da Silva Luiz Junior, esteve na Secretaria de Educa\u00e7\u00e3o do Estado de S\u00e3o Paulo para receber o \u00f4nibus escolar cedido pelo Governo do Estadual. O ve\u00edculo escolar tipo ORE 1, com capacidade para transportar 29 alunos sentados,&nbsp;possui poltronas m\u00f3veis para o embarque e desembarque de crian\u00e7as com defici\u00eancia ou mobilidade reduzida ser\u00e1 utilizado&nbsp;para nos projetos educacionais como ciclismo, golfe, passeios, entre outros.<\/p>\n\n\n\n<p>O \u00f4nibus escolar, marca M.BENZ\/LO 916 foi adquirido por interm\u00e9dio dos recursos 001.002.007, processo SEDUC 2021\/41771, no valor de R$ 237.800,00.<img decoding=\"async\" src=\"blob:https:\/\/imais.online\/c46ce864-3881-4d05-ab56-e08fafb40a7a\"><\/p>\n","protected":false},"excerpt":{"rendered":"<p>Ve\u00edculo escolar tipo ORE 1 tem capacidade para transportar 29 alunos sentados Na manh\u00e3 da segunda-feira, 26 de setembro, o secret\u00e1rio de Educa\u00e7\u00e3o, Heleno da Silva Luiz Junior, esteve na Secretaria de Educa\u00e7\u00e3o do Estado de S\u00e3o Paulo para receber o \u00f4nibus escolar cedido pelo Governo do Estadual. O ve\u00edculo escolar tipo ORE 1, com [&hellip;]<\/p>\n","protected":false},"author":8,"featured_media":9412,"comment_status":"closed","ping_status":"open","sticky":false,"template":"","format":"standard","meta":{"rop_custom_images_group":[],"rop_custom_messages_group":[],"rop_publish_now":"initial","rop_publish_now_accounts":[],"rop_publish_now_history":[],"rop_publish_now_status":"pending","footnotes":""},"categories":[188],"tags":[],"class_list":["post-9411","post","type-post","status-publish","format-standard","has-post-thumbnail","hentry","category-indaiatuba"],"amp_enabled":true,"_links":{"self":[{"href":"https:\/\/imais.online\/portal\/wp-json\/wp\/v2\/posts\/9411","targetHints":{"allow":["GET"]}}],"collection":[{"href":"https:\/\/imais.online\/portal\/wp-json\/wp\/v2\/posts"}],"about":[{"href":"https:\/\/imais.online\/portal\/wp-json\/wp\/v2\/types\/post"}],"author":[{"embeddable":true,"href":"https:\/\/imais.online\/portal\/wp-json\/wp\/v2\/users\/8"}],"replies":[{"embeddable":true,"href":"https:\/\/imais.online\/portal\/wp-json\/wp\/v2\/comments?post=9411"}],"version-history":[{"count":1,"href":"https:\/\/imais.online\/portal\/wp-json\/wp\/v2\/posts\/9411\/revisions"}],"predecessor-version":[{"id":9413,"href":"https:\/\/imais.online\/portal\/wp-json\/wp\/v2\/posts\/9411\/revisions\/9413"}],"wp:featuredmedia":[{"embeddable":true,"href":"https:\/\/imais.online\/portal\/wp-json\/wp\/v2\/media\/9412"}],"wp:attachment":[{"href":"https:\/\/imais.online\/portal\/wp-json\/wp\/v2\/media?parent=9411"}],"wp:term":[{"taxonomy":"category","embeddable":true,"href":"https:\/\/imais.online\/portal\/wp-json\/wp\/v2\/categories?post=9411"},{"taxonomy":"post_tag","embeddable":true,"href":"https:\/\/imais.online\/portal\/wp-json\/wp\/v2\/tags?post=9411"}],"curies":[{"name":"wp","href":"https:\/\/api.w.org\/{rel}","templated":true}]}}