{"id":9417,"date":"2022-09-28T10:35:06","date_gmt":"2022-09-28T13:35:06","guid":{"rendered":"https:\/\/imais.online\/portal\/?p=9417"},"modified":"2022-09-28T10:35:08","modified_gmt":"2022-09-28T13:35:08","slug":"semana-a-voz-do-eca-acontece-nos-dias-10-e-11-de-outubro","status":"publish","type":"post","link":"https:\/\/imais.online\/portal\/semana-a-voz-do-eca-acontece-nos-dias-10-e-11-de-outubro\/","title":{"rendered":"Semana A Voz do ECA acontece nos dias 10 e 11 de outubro"},"content":{"rendered":"<div class=\"imais-before-content-placement\" id=\"imais-2742692369\"><script async src=\"\/\/pagead2.googlesyndication.com\/pagead\/js\/adsbygoogle.js?client=ca-pub-8787528412751566\" crossorigin=\"anonymous\"><\/script><ins class=\"adsbygoogle\" style=\"display:block;\" data-ad-client=\"ca-pub-8787528412751566\" \ndata-ad-slot=\"\" \ndata-ad-format=\"auto\"><\/ins>\n<script> \n(adsbygoogle = window.adsbygoogle || []).push({}); \n<\/script>\n<\/div>\n<p><em><small>Palestra de preven\u00e7\u00e3o a Auto Les\u00e3o e Tentativa de Suic\u00eddio acontecer\u00e1 de maneira on-line com vagas limitadas<\/small><\/em><\/p>\n\n\n\n<p>A comemora\u00e7\u00e3o da semana A Voz do ECA realizada pelo CMDCA (Conselho da Crian\u00e7a e do Adolescente), por meio da Secretaria de Assist\u00eancia Social, &nbsp;ser\u00e1 realizada no m\u00eas de outubro.&nbsp; No dia 10, do pr\u00f3ximo m\u00eas, acontecer\u00e1 de maneira on-line e gratuita a Palestra de Preven\u00e7\u00e3o a Auto Les\u00e3o e Tentativa de Suic\u00eddio entre crian\u00e7as e adolescentes, das 8h30 \u00e0s 11h30. As vagas s\u00e3o limitadas e os interessados devem se inscrever pelo&nbsp;<a href=\"https:\/\/www.indaiatuba.sp.gov.br\/assistencia-social\/conselhos\/cmdca\/inscricoes-eventos\/41\/\">link<\/a>.<\/p>\n\n\n\n<p>&nbsp;J\u00e1 no dia 11 de outubro, ser\u00e1 realizada a XII Confer\u00eancia Municipal da Crian\u00e7a e do Adolescente, na faculdade Unieduk, no per\u00edodo das 7h30 \u00e0s 13h. Na ocasi\u00e3o, ser\u00e1 abordado o tema &nbsp;\u201cSitua\u00e7\u00e3o dos direitos humanos de crian\u00e7as e adolescentes em tempos de pandemia\u201d. Objetivo \u00e9 retratar viola\u00e7\u00f5es e vulnerabilidades de crian\u00e7as e adolescentes, bem como, relatar as a\u00e7\u00f5es necess\u00e1rias para reparar e garantir politicas prote\u00e7\u00e3o integral, com respeito \u00e0 diversidade. O evento \u00e9 aberto ao p\u00fablico. &nbsp;<\/p>\n\n\n\n<p><strong>Sobre A Voz do ECA<\/strong><\/p>\n\n\n\n<p>A semana&nbsp; A Voz do ECA foi constitu\u00edda pela lei municipal de n\u00ba7.388, de 20 de agosto de 2020, com o objetivo de fortalecer o Sistema de Garantia de Direitos de Crian\u00e7as e Adolescentes do Munic\u00edpio de Indaiatuba.<\/p>\n\n\n\n<p><strong>Servi\u00e7o<\/strong><\/p>\n\n\n\n<p><strong>Palestra de Preven\u00e7\u00e3o a Auto Les\u00e3o e Tentativa de Suic\u00eddio entre crian\u00e7as e adolescentes<\/strong><\/p>\n\n\n\n<p><strong>Data:&nbsp;<\/strong>10\/10\/2022<\/p>\n\n\n\n<p><strong>Hor\u00e1rio: &nbsp;<\/strong>das 8h30 \u00e0s 11h30.<\/p>\n\n\n\n<p><strong><a href=\"https:\/\/www.indaiatuba.sp.gov.br\/assistencia-social\/conselhos\/cmdca\/inscricoes-eventos\/41\/\">Inscri\u00e7\u00f5es aqui!<\/a><\/strong><\/p>\n\n\n\n<p><strong>XII Confer\u00eancia Municipal da Crian\u00e7a e do Adolescente<\/strong><\/p>\n\n\n\n<p><strong>Data:&nbsp;<\/strong>11\/10\/2022.<\/p>\n\n\n\n<p><strong>Local: &nbsp;<\/strong>Faculdade Unieduk &#8211; Av. Nove de Dezembro, 460 &#8211; Jardim Pedroso.<\/p>\n\n\n\n<p><strong>Hor\u00e1rio:&nbsp;<\/strong>7h30 \u00e0s 13h.<\/p>\n","protected":false},"excerpt":{"rendered":"<p>Palestra de preven\u00e7\u00e3o a Auto Les\u00e3o e Tentativa de Suic\u00eddio acontecer\u00e1 de maneira on-line com vagas limitadas A comemora\u00e7\u00e3o da semana A Voz do ECA realizada pelo CMDCA (Conselho da Crian\u00e7a e do Adolescente), por meio da Secretaria de Assist\u00eancia Social, &nbsp;ser\u00e1 realizada no m\u00eas de outubro.&nbsp; No dia 10, do pr\u00f3ximo m\u00eas, acontecer\u00e1 de [&hellip;]<\/p>\n","protected":false},"author":8,"featured_media":9418,"comment_status":"closed","ping_status":"open","sticky":false,"template":"","format":"standard","meta":{"rop_custom_images_group":[],"rop_custom_messages_group":[],"rop_publish_now":"initial","rop_publish_now_accounts":[],"rop_publish_now_history":[],"rop_publish_now_status":"pending","footnotes":""},"categories":[188],"tags":[73],"class_list":["post-9417","post","type-post","status-publish","format-standard","has-post-thumbnail","hentry","category-indaiatuba","tag-featured"],"amp_enabled":true,"_links":{"self":[{"href":"https:\/\/imais.online\/portal\/wp-json\/wp\/v2\/posts\/9417","targetHints":{"allow":["GET"]}}],"collection":[{"href":"https:\/\/imais.online\/portal\/wp-json\/wp\/v2\/posts"}],"about":[{"href":"https:\/\/imais.online\/portal\/wp-json\/wp\/v2\/types\/post"}],"author":[{"embeddable":true,"href":"https:\/\/imais.online\/portal\/wp-json\/wp\/v2\/users\/8"}],"replies":[{"embeddable":true,"href":"https:\/\/imais.online\/portal\/wp-json\/wp\/v2\/comments?post=9417"}],"version-history":[{"count":1,"href":"https:\/\/imais.online\/portal\/wp-json\/wp\/v2\/posts\/9417\/revisions"}],"predecessor-version":[{"id":9419,"href":"https:\/\/imais.online\/portal\/wp-json\/wp\/v2\/posts\/9417\/revisions\/9419"}],"wp:featuredmedia":[{"embeddable":true,"href":"https:\/\/imais.online\/portal\/wp-json\/wp\/v2\/media\/9418"}],"wp:attachment":[{"href":"https:\/\/imais.online\/portal\/wp-json\/wp\/v2\/media?parent=9417"}],"wp:term":[{"taxonomy":"category","embeddable":true,"href":"https:\/\/imais.online\/portal\/wp-json\/wp\/v2\/categories?post=9417"},{"taxonomy":"post_tag","embeddable":true,"href":"https:\/\/imais.online\/portal\/wp-json\/wp\/v2\/tags?post=9417"}],"curies":[{"name":"wp","href":"https:\/\/api.w.org\/{rel}","templated":true}]}}