{"id":9426,"date":"2022-09-29T08:55:09","date_gmt":"2022-09-29T11:55:09","guid":{"rendered":"https:\/\/imais.online\/portal\/?p=9426"},"modified":"2022-09-29T08:55:10","modified_gmt":"2022-09-29T11:55:10","slug":"guarda-civil-de-indaiatuba-detem-individuo-com-drogas-apos-denuncia-anonima","status":"publish","type":"post","link":"https:\/\/imais.online\/portal\/guarda-civil-de-indaiatuba-detem-individuo-com-drogas-apos-denuncia-anonima\/","title":{"rendered":"Guarda Civil de Indaiatuba det\u00e9m indiv\u00edduo com drogas ap\u00f3s den\u00fancia an\u00f4nima"},"content":{"rendered":"<div class=\"imais-before-content-placement\" id=\"imais-371797243\"><script async src=\"\/\/pagead2.googlesyndication.com\/pagead\/js\/adsbygoogle.js?client=ca-pub-8787528412751566\" crossorigin=\"anonymous\"><\/script><ins class=\"adsbygoogle\" style=\"display:block;\" data-ad-client=\"ca-pub-8787528412751566\" \ndata-ad-slot=\"\" \ndata-ad-format=\"auto\"><\/ins>\n<script> \n(adsbygoogle = window.adsbygoogle || []).push({}); \n<\/script>\n<\/div>\n<p class=\"has-text-align-center\"><em>Equipe Romi localizou microtubos cheios de coca\u00edna com indiv\u00edduo averiguado<\/em><\/p>\n\n\n\n<p>A Guarda Civil de Indaiatuba deteve um homem de 25 anos pelo envolvimento com o tr\u00e1fico de drogas na manh\u00e3 de ter\u00e7a-feira (27). O caso aconteceu no Jardim Morada do Sol.<\/p>\n\n\n\n<p>O COI (Centro de Opera\u00e7\u00f5es e Intelig\u00eancia) recebeu atrav\u00e9s do telefone 153, a den\u00fancia sobre um indiv\u00edduo, de cal\u00e7a jeans e moletom preto, que realizava o tr\u00e1fico de drogas em uma casa abandonada na Rua Ad\u00e9lia Philomena Mattioni. Rapidamente a equipe Romi foi enviada para o endere\u00e7o informado para averiguar a situa\u00e7\u00e3o.<\/p>\n\n\n\n<p>No local os agentes encontraram o suspeito, com quem localizaram R$55,00 em notas trocadas e 13 microtubos cheios de coca\u00edna. Diante dos fatos o homem foi detido e conduzido at\u00e9 o 1\u00ba distrito policial, onde o caso foi apresentado para a autoridade policial.<\/p>\n","protected":false},"excerpt":{"rendered":"<p>Equipe Romi localizou microtubos cheios de coca\u00edna com indiv\u00edduo averiguado A Guarda Civil de Indaiatuba deteve um homem de 25 anos pelo envolvimento com o tr\u00e1fico de drogas na manh\u00e3 de ter\u00e7a-feira (27). O caso aconteceu no Jardim Morada do Sol. O COI (Centro de Opera\u00e7\u00f5es e Intelig\u00eancia) recebeu atrav\u00e9s do telefone 153, a den\u00fancia [&hellip;]<\/p>\n","protected":false},"author":7,"featured_media":9427,"comment_status":"closed","ping_status":"open","sticky":false,"template":"","format":"standard","meta":{"rop_custom_images_group":[],"rop_custom_messages_group":[],"rop_publish_now":"initial","rop_publish_now_accounts":[],"rop_publish_now_history":[],"rop_publish_now_status":"pending","footnotes":""},"categories":[188,199],"tags":[],"class_list":["post-9426","post","type-post","status-publish","format-standard","has-post-thumbnail","hentry","category-indaiatuba","category-policia"],"amp_enabled":true,"_links":{"self":[{"href":"https:\/\/imais.online\/portal\/wp-json\/wp\/v2\/posts\/9426","targetHints":{"allow":["GET"]}}],"collection":[{"href":"https:\/\/imais.online\/portal\/wp-json\/wp\/v2\/posts"}],"about":[{"href":"https:\/\/imais.online\/portal\/wp-json\/wp\/v2\/types\/post"}],"author":[{"embeddable":true,"href":"https:\/\/imais.online\/portal\/wp-json\/wp\/v2\/users\/7"}],"replies":[{"embeddable":true,"href":"https:\/\/imais.online\/portal\/wp-json\/wp\/v2\/comments?post=9426"}],"version-history":[{"count":1,"href":"https:\/\/imais.online\/portal\/wp-json\/wp\/v2\/posts\/9426\/revisions"}],"predecessor-version":[{"id":9428,"href":"https:\/\/imais.online\/portal\/wp-json\/wp\/v2\/posts\/9426\/revisions\/9428"}],"wp:featuredmedia":[{"embeddable":true,"href":"https:\/\/imais.online\/portal\/wp-json\/wp\/v2\/media\/9427"}],"wp:attachment":[{"href":"https:\/\/imais.online\/portal\/wp-json\/wp\/v2\/media?parent=9426"}],"wp:term":[{"taxonomy":"category","embeddable":true,"href":"https:\/\/imais.online\/portal\/wp-json\/wp\/v2\/categories?post=9426"},{"taxonomy":"post_tag","embeddable":true,"href":"https:\/\/imais.online\/portal\/wp-json\/wp\/v2\/tags?post=9426"}],"curies":[{"name":"wp","href":"https:\/\/api.w.org\/{rel}","templated":true}]}}