{"id":9429,"date":"2022-09-29T09:04:35","date_gmt":"2022-09-29T12:04:35","guid":{"rendered":"https:\/\/imais.online\/portal\/?p=9429"},"modified":"2022-09-29T09:04:36","modified_gmt":"2022-09-29T12:04:36","slug":"secretaria-de-cultura-da-inicio-a-instalacao-das-primeiras-pecas-para-a-decoracao-de-natal","status":"publish","type":"post","link":"https:\/\/imais.online\/portal\/secretaria-de-cultura-da-inicio-a-instalacao-das-primeiras-pecas-para-a-decoracao-de-natal\/","title":{"rendered":"Secretaria de Cultura d\u00e1 in\u00edcio \u00e0 instala\u00e7\u00e3o das primeiras pe\u00e7as para a decora\u00e7\u00e3o de Natal"},"content":{"rendered":"<div class=\"imais-before-content-placement\" id=\"imais-588548982\"><script async src=\"\/\/pagead2.googlesyndication.com\/pagead\/js\/adsbygoogle.js?client=ca-pub-8787528412751566\" crossorigin=\"anonymous\"><\/script><ins class=\"adsbygoogle\" style=\"display:block;\" data-ad-client=\"ca-pub-8787528412751566\" \ndata-ad-slot=\"\" \ndata-ad-format=\"auto\"><\/ins>\n<script> \n(adsbygoogle = window.adsbygoogle || []).push({}); \n<\/script>\n<\/div>\n<p><em>Com apoio de outras pastas, primeiras pe\u00e7as ser\u00e3o distribu\u00eddas pela cidade dentro do planejamento<\/em><\/p>\n\n\n\n<p>A Prefeitura de Indaiatuba, por meio da Secretaria Municipal de Cultura, informa que os primeiros enfeites da tradicional decora\u00e7\u00e3o de Natal j\u00e1 est\u00e3o sendo instalados pela cidade. Este trabalho &#8211; fruto de organiza\u00e7\u00e3o e planejamento de todas as secretarias envolvidas, que produzem e instalam as pe\u00e7as reaproveitando materiais de anos anteriores &#8211; tem in\u00edcio logo ap\u00f3s o Desfile de 7 de setembro e se estende por dois meses.<\/p>\n\n\n\n<p>Estes primeiros enfeites s\u00e3o inicialmente distribu\u00eddos pela cidade e depois instalados \u00e0 rede el\u00e9trica, o que deve acontecer durante o m\u00eas de outubro. A previs\u00e3o \u00e9 que a decora\u00e7\u00e3o de Natal seja oficialmente apresentada \u00e0 popula\u00e7\u00e3o na primeira semana de novembro.<\/p>\n\n\n\n<p>Todas as pe\u00e7as que integram a decora\u00e7\u00e3o de Natal na cidade s\u00e3o produzidas por funcion\u00e1rios da Administra\u00e7\u00e3o Municipal e a maioria do material utilizado \u00e9 reaproveitado de anos anteriores. Esta a\u00e7\u00e3o vem ganhando destaque nos \u00faltimos anos, com o intuito de movimentar o turismo e com\u00e9rcio local.<\/p>\n\n\n\n<p>A programa\u00e7\u00e3o completa do Natal em Indaiatuba ser\u00e1 divulgada em breve e contar\u00e1 ainda com o retorno dos eventos Encantos e Parada de Natal.<\/p>\n\n\n\n<p><\/p>\n","protected":false},"excerpt":{"rendered":"<p>Com apoio de outras pastas, primeiras pe\u00e7as ser\u00e3o distribu\u00eddas pela cidade dentro do planejamento A Prefeitura de Indaiatuba, por meio da Secretaria Municipal de Cultura, informa que os primeiros enfeites da tradicional decora\u00e7\u00e3o de Natal j\u00e1 est\u00e3o sendo instalados pela cidade. Este trabalho &#8211; fruto de organiza\u00e7\u00e3o e planejamento de todas as secretarias envolvidas, que [&hellip;]<\/p>\n","protected":false},"author":7,"featured_media":9430,"comment_status":"closed","ping_status":"open","sticky":false,"template":"","format":"standard","meta":{"rop_custom_images_group":[],"rop_custom_messages_group":[],"rop_publish_now":"initial","rop_publish_now_accounts":[],"rop_publish_now_history":[],"rop_publish_now_status":"pending","footnotes":""},"categories":[188],"tags":[],"class_list":["post-9429","post","type-post","status-publish","format-standard","has-post-thumbnail","hentry","category-indaiatuba"],"amp_enabled":true,"_links":{"self":[{"href":"https:\/\/imais.online\/portal\/wp-json\/wp\/v2\/posts\/9429","targetHints":{"allow":["GET"]}}],"collection":[{"href":"https:\/\/imais.online\/portal\/wp-json\/wp\/v2\/posts"}],"about":[{"href":"https:\/\/imais.online\/portal\/wp-json\/wp\/v2\/types\/post"}],"author":[{"embeddable":true,"href":"https:\/\/imais.online\/portal\/wp-json\/wp\/v2\/users\/7"}],"replies":[{"embeddable":true,"href":"https:\/\/imais.online\/portal\/wp-json\/wp\/v2\/comments?post=9429"}],"version-history":[{"count":1,"href":"https:\/\/imais.online\/portal\/wp-json\/wp\/v2\/posts\/9429\/revisions"}],"predecessor-version":[{"id":9431,"href":"https:\/\/imais.online\/portal\/wp-json\/wp\/v2\/posts\/9429\/revisions\/9431"}],"wp:featuredmedia":[{"embeddable":true,"href":"https:\/\/imais.online\/portal\/wp-json\/wp\/v2\/media\/9430"}],"wp:attachment":[{"href":"https:\/\/imais.online\/portal\/wp-json\/wp\/v2\/media?parent=9429"}],"wp:term":[{"taxonomy":"category","embeddable":true,"href":"https:\/\/imais.online\/portal\/wp-json\/wp\/v2\/categories?post=9429"},{"taxonomy":"post_tag","embeddable":true,"href":"https:\/\/imais.online\/portal\/wp-json\/wp\/v2\/tags?post=9429"}],"curies":[{"name":"wp","href":"https:\/\/api.w.org\/{rel}","templated":true}]}}