{"id":946,"date":"2021-08-24T16:47:22","date_gmt":"2021-08-24T19:47:22","guid":{"rendered":"https:\/\/imais.online\/portal\/?p=946"},"modified":"2021-08-24T16:47:24","modified_gmt":"2021-08-24T19:47:24","slug":"corporacao-musical-villa-lobos-realiza-concerto-virtual-em-homenagem-a-michael-jackson-no-sabado-28","status":"publish","type":"post","link":"https:\/\/imais.online\/portal\/corporacao-musical-villa-lobos-realiza-concerto-virtual-em-homenagem-a-michael-jackson-no-sabado-28\/","title":{"rendered":"Corpora\u00e7\u00e3o Musical Villa Lobos realiza concerto virtual em homenagem a Michael Jackson no s\u00e1bado (28)"},"content":{"rendered":"<div class=\"imais-before-content-placement\" id=\"imais-3208708917\"><script async src=\"\/\/pagead2.googlesyndication.com\/pagead\/js\/adsbygoogle.js?client=ca-pub-8787528412751566\" crossorigin=\"anonymous\"><\/script><ins class=\"adsbygoogle\" style=\"display:block;\" data-ad-client=\"ca-pub-8787528412751566\" \ndata-ad-slot=\"\" \ndata-ad-format=\"auto\"><\/ins>\n<script> \n(adsbygoogle = window.adsbygoogle || []).push({}); \n<\/script>\n<\/div>\n<p class=\"has-text-align-center\">Tributo para o astro do pop ser\u00e1 uma forma de homenagear\u00a0 os 63 anos que o cantor completaria neste ano<\/p>\n\n\n\n<p>O CMVL (Corpora\u00e7\u00e3o Musical Villa Lobos) realiza o Concerto Virtual \u201cTributo ao Rei do Pop\u201d neste s\u00e1bado (28) a partir das 20h. No repert\u00f3rio ser\u00e3o destaques as can\u00e7\u00f5es famosas do \u00edcone do pop, Michael Jackson, com a apresenta\u00e7\u00e3o transmitida pelo canal do Youtube da corpora\u00e7\u00e3o. O evento conta com o apoio da Prefeitura de Indaiatuba, por meio da Secretaria Municipal de Cultura.<\/p>\n\n\n\n<p>Este espet\u00e1culo ser\u00e1 realizado em homenagem aos 63 anos de Michael Jackson que seria comemorado no pr\u00f3ximo dia 29 de agosto. O destaque ficar\u00e1 por conta das m\u00fasicas \u201cTributo \u00e0 Michael Jackson\u201d com arranjo do Subtenente PMESP, Daniel Paulo. Al\u00e9m disso, o cl\u00e1ssico \u201cHeal The World\u201d que foi uma das can\u00e7\u00f5es escrita pelo cantor e gravada no sexto disco dele com foco em um vi\u00e9s humanit\u00e1rio que transmite a mensagem sobre a idealiza\u00e7\u00e3o de um mundo melhor.<\/p>\n\n\n\n<p>Na apresenta\u00e7\u00e3o ser\u00e1 realizado um pot-pourri com m\u00fasicas de quando o cantor iniciou a carreira no Jackson 5, grupo composto Michael e seus irm\u00e3os Katherine Jackson, Joseph Jackson conhecido como \u201cJackie\u201d, Tito, Jermaine e Marlon, sendo elas a \u201cI\u2019II Be There\u201d, \u201cI Want You Back\u201d, \u201cABC\u201d e \u201cNever Can Say Goodbye\u201d, com arranjo de Takashi Hoshide. Al\u00e9m da composi\u00e7\u00e3o \u201cSmooth Criminal\u201d com o arranjo de Kazuhiro Morita. O evento ser\u00e1 transmitido pelo link: <a href=\"https:\/\/www.youtube.com\/channel\/UC8l5Ahye1jz8qbFWuqRGO1g\" target=\"_blank\" rel=\"noreferrer noopener\">https:\/\/www.youtube.com\/channel\/UC8l5Ahye1jz8qbFWuqRGO1g<\/a> <\/p>\n\n\n\n<p>\u201c A Banda Sinf\u00f4nica da CMVL escolheu homenagear Michael Jackson no m\u00eas em que ele completaria 63 anos de vida, porque ele foi um dos artista que mais influenciou para o bem as pessoas e o mundo. Al\u00e9m de suas can\u00e7\u00f5es impactantes, que mudaram a m\u00fasica para sempre e de sua dan\u00e7a com movimentos insond\u00e1veis, ele tamb\u00e9m soube utilizar sua fama para apoiar quest\u00f5es mundiais: a pesquisa da cura do c\u00e2ncer e o tratamento para a AIDS, bem como de seu apoio aos trabalhos do Alto Comissariado das Na\u00e7\u00f5es Unidas para os Refugiados, Centro Martin Luther King Jr e UNICEF (entre outras) atrav\u00e9s de suas doa\u00e7\u00f5es. E n\u00f3s da CMVL acreditamos que podemos levar a m\u00fasica instrumental e, ao mesmo tempo, contribuir para o bem de toda a comunidade.\u201d, explica a escolha da homenagem ao artista o maestro, Samuel Nascimento de Lima.<\/p>\n\n\n\n<p><strong>SERVI\u00c7O<br><\/strong>Concerto Virtual \u201cTributo ao Rei do Pop\u201d<br>Data: 29 de agosto (s\u00e1bado)<br>Hor\u00e1rio: 20h<br>On-line: https:\/\/www.youtube.com\/channel\/UC8l5Ahye1jz8qbFWuqRGO1g.<\/p>\n","protected":false},"excerpt":{"rendered":"<p>Tributo para o astro do pop ser\u00e1 uma forma de homenagear\u00a0 os 63 anos que o cantor completaria neste ano O CMVL (Corpora\u00e7\u00e3o Musical Villa Lobos) realiza o Concerto Virtual \u201cTributo ao Rei do Pop\u201d neste s\u00e1bado (28) a partir das 20h. No repert\u00f3rio ser\u00e3o destaques as can\u00e7\u00f5es famosas do \u00edcone do pop, Michael Jackson, [&hellip;]<\/p>\n","protected":false},"author":6,"featured_media":947,"comment_status":"closed","ping_status":"open","sticky":false,"template":"","format":"standard","meta":{"rop_custom_images_group":[],"rop_custom_messages_group":[],"rop_publish_now":"initial","rop_publish_now_accounts":[],"rop_publish_now_history":[],"rop_publish_now_status":"pending","footnotes":""},"categories":[188],"tags":[73],"class_list":["post-946","post","type-post","status-publish","format-standard","has-post-thumbnail","hentry","category-indaiatuba","tag-featured"],"amp_enabled":true,"_links":{"self":[{"href":"https:\/\/imais.online\/portal\/wp-json\/wp\/v2\/posts\/946","targetHints":{"allow":["GET"]}}],"collection":[{"href":"https:\/\/imais.online\/portal\/wp-json\/wp\/v2\/posts"}],"about":[{"href":"https:\/\/imais.online\/portal\/wp-json\/wp\/v2\/types\/post"}],"author":[{"embeddable":true,"href":"https:\/\/imais.online\/portal\/wp-json\/wp\/v2\/users\/6"}],"replies":[{"embeddable":true,"href":"https:\/\/imais.online\/portal\/wp-json\/wp\/v2\/comments?post=946"}],"version-history":[{"count":1,"href":"https:\/\/imais.online\/portal\/wp-json\/wp\/v2\/posts\/946\/revisions"}],"predecessor-version":[{"id":948,"href":"https:\/\/imais.online\/portal\/wp-json\/wp\/v2\/posts\/946\/revisions\/948"}],"wp:featuredmedia":[{"embeddable":true,"href":"https:\/\/imais.online\/portal\/wp-json\/wp\/v2\/media\/947"}],"wp:attachment":[{"href":"https:\/\/imais.online\/portal\/wp-json\/wp\/v2\/media?parent=946"}],"wp:term":[{"taxonomy":"category","embeddable":true,"href":"https:\/\/imais.online\/portal\/wp-json\/wp\/v2\/categories?post=946"},{"taxonomy":"post_tag","embeddable":true,"href":"https:\/\/imais.online\/portal\/wp-json\/wp\/v2\/tags?post=946"}],"curies":[{"name":"wp","href":"https:\/\/api.w.org\/{rel}","templated":true}]}}