{"id":9466,"date":"2022-09-30T14:53:53","date_gmt":"2022-09-30T17:53:53","guid":{"rendered":"https:\/\/imais.online\/portal\/?p=9466"},"modified":"2022-09-30T14:53:54","modified_gmt":"2022-09-30T17:53:54","slug":"campanha-de-vacinacao-contra-poliomielite-e-multivacinacao-e-prorrogada-ate-31-de-outubro","status":"publish","type":"post","link":"https:\/\/imais.online\/portal\/campanha-de-vacinacao-contra-poliomielite-e-multivacinacao-e-prorrogada-ate-31-de-outubro\/","title":{"rendered":"Campanha de Vacina\u00e7\u00e3o contra Poliomielite e Multivacina\u00e7\u00e3o \u00e9 prorrogada at\u00e9 31 de outubro"},"content":{"rendered":"<div class=\"imais-before-content-placement\" id=\"imais-2578930899\"><script async src=\"\/\/pagead2.googlesyndication.com\/pagead\/js\/adsbygoogle.js?client=ca-pub-8787528412751566\" crossorigin=\"anonymous\"><\/script><ins class=\"adsbygoogle\" style=\"display:block;\" data-ad-client=\"ca-pub-8787528412751566\" \ndata-ad-slot=\"\" \ndata-ad-format=\"auto\"><\/ins>\n<script> \n(adsbygoogle = window.adsbygoogle || []).push({}); \n<\/script>\n<\/div>\n<p><em><small>Imuniza\u00e7\u00e3o direcionada para crian\u00e7as de 1 at\u00e9 5 anos de idade previne contra paralisia infantil<\/small><\/em><\/p>\n\n\n\n<p>O Minist\u00e9rio da Sa\u00fade prorrogou mais uma vez a Campanha Nacional de Vacina\u00e7\u00e3o contra Poliomielite e Multivacina\u00e7\u00e3o. Os pais que ainda n\u00e3o imunizaram seus filhos ter\u00e3o at\u00e9 o dia 31 de outubro para leva-los em uma unidade de sa\u00fade e proteg\u00ea-los contra a paralisia infantil e outras doen\u00e7as. A vacina\u00e7\u00e3o contra p\u00f3lio \u00e9 destinada a crian\u00e7as de 1 ano a menores de 5 anos de idade. A prorroga\u00e7\u00e3o \u00e9 necess\u00e1ria devido \u00e0 baixa ades\u00e3o na cobertura vacinal em todo pa\u00eds. Em Indaiatuba, a Secretaria Municipal de Sa\u00fade vacinou 8.992 crian\u00e7as, o que corresponde a 68,3% da popula\u00e7\u00e3o que se encaixa nessa faixa et\u00e1ria.<\/p>\n\n\n\n<p>A meta do governo federal \u00e9 imunizar 95% das crian\u00e7as de 1 at\u00e9 5 anos contra a poliomielite, mas at\u00e9 agora a m\u00e9dia da cobertura vacinal no pa\u00eds \u00e9 de apenas 52%.<\/p>\n\n\n\n<p>A Secretaria Municipal de Sa\u00fade avisa que a campanha segue em todas as unidades b\u00e1sicas de sa\u00fade de Indaiatuba, de segunda a sexta-feira, das 7h30 \u00e0s 16h30, exceto feriados. \u00c9 obrigat\u00f3rio que o respons\u00e1vel apresente documento com foto dele, RG ou Certid\u00e3o de Nascimento da crian\u00e7a, al\u00e9m da caderneta de vacina da crian\u00e7a.<\/p>\n\n\n\n<p>A Poliomielite \u00e9 uma doen\u00e7a contagiosa aguda causada por v\u00edrus que pode infectar crian\u00e7as e adultos e, em casos graves, pode acarretar paralisia nos membros inferiores. A vacina\u00e7\u00e3o \u00e9 a \u00fanica forma de preven\u00e7\u00e3o da doen\u00e7a que foi erradicada no pa\u00eds h\u00e1 mais de 20 anos.<\/p>\n\n\n\n<p>No Brasil, o \u00faltimo caso de paralisia infantil foi detectado em 1989 e ganhou o certificado de erradica\u00e7\u00e3o em 1994. Apesar disso, segundo a Organiza\u00e7\u00e3o Mundial de Sa\u00fade (OMS), o Brasil \u00e9 um pa\u00eds com alto risco do retorno da poliomielite em fun\u00e7\u00e3o das baixas coberturas vacinais.<\/p>\n\n\n\n<p><strong>Multivacina\u00e7\u00e3o<\/strong><\/p>\n\n\n\n<p>A&nbsp;Campanha de Multivacina\u00e7\u00e3o, que&nbsp;tamb\u00e9m foi prorrogada at\u00e9 31 de outubro, \u00e9 voltada a crian\u00e7as e adolescentes menores de 15 anos de idade, com vacinas em atraso. At\u00e9 esta semana, 2.188 crian\u00e7as menores de um ano atualizaram as vacinas que estavam em atraso na carteirinha de vacina\u00e7\u00e3o, entre elas, pentavalente, p\u00f3lio inativada, rotav\u00edrus, pneumo10 e meningo C.<\/p>\n\n\n\n<p>No grupo de crian\u00e7as maiores de 5 e menores de 15 anos foram aplicadas 4.100 vacinas que inclu\u00edram a p\u00f3lio oral, tr\u00edplice bacteriana, tr\u00edplice viral \u2013 src, varicela, dupla adulto, meningite C, meningite ACWY e hepatatite B.<\/p>\n\n\n\n<p>\u00c9 importante esclarecer que a multivacina\u00e7\u00e3o n\u00e3o tem uma meta a ser cumprida, \u00e9 apenas para atualiza\u00e7\u00e3o da caderneta de vacinas.<\/p>\n\n\n\n<p><\/p>\n","protected":false},"excerpt":{"rendered":"<p>Imuniza\u00e7\u00e3o direcionada para crian\u00e7as de 1 at\u00e9 5 anos de idade previne contra paralisia infantil O Minist\u00e9rio da Sa\u00fade prorrogou mais uma vez a Campanha Nacional de Vacina\u00e7\u00e3o contra Poliomielite e Multivacina\u00e7\u00e3o. Os pais que ainda n\u00e3o imunizaram seus filhos ter\u00e3o at\u00e9 o dia 31 de outubro para leva-los em uma unidade de sa\u00fade e [&hellip;]<\/p>\n","protected":false},"author":8,"featured_media":9467,"comment_status":"closed","ping_status":"open","sticky":false,"template":"","format":"standard","meta":{"rop_custom_images_group":[],"rop_custom_messages_group":[],"rop_publish_now":"initial","rop_publish_now_accounts":[],"rop_publish_now_history":[],"rop_publish_now_status":"pending","footnotes":""},"categories":[188],"tags":[],"class_list":["post-9466","post","type-post","status-publish","format-standard","has-post-thumbnail","hentry","category-indaiatuba"],"amp_enabled":true,"_links":{"self":[{"href":"https:\/\/imais.online\/portal\/wp-json\/wp\/v2\/posts\/9466","targetHints":{"allow":["GET"]}}],"collection":[{"href":"https:\/\/imais.online\/portal\/wp-json\/wp\/v2\/posts"}],"about":[{"href":"https:\/\/imais.online\/portal\/wp-json\/wp\/v2\/types\/post"}],"author":[{"embeddable":true,"href":"https:\/\/imais.online\/portal\/wp-json\/wp\/v2\/users\/8"}],"replies":[{"embeddable":true,"href":"https:\/\/imais.online\/portal\/wp-json\/wp\/v2\/comments?post=9466"}],"version-history":[{"count":1,"href":"https:\/\/imais.online\/portal\/wp-json\/wp\/v2\/posts\/9466\/revisions"}],"predecessor-version":[{"id":9468,"href":"https:\/\/imais.online\/portal\/wp-json\/wp\/v2\/posts\/9466\/revisions\/9468"}],"wp:featuredmedia":[{"embeddable":true,"href":"https:\/\/imais.online\/portal\/wp-json\/wp\/v2\/media\/9467"}],"wp:attachment":[{"href":"https:\/\/imais.online\/portal\/wp-json\/wp\/v2\/media?parent=9466"}],"wp:term":[{"taxonomy":"category","embeddable":true,"href":"https:\/\/imais.online\/portal\/wp-json\/wp\/v2\/categories?post=9466"},{"taxonomy":"post_tag","embeddable":true,"href":"https:\/\/imais.online\/portal\/wp-json\/wp\/v2\/tags?post=9466"}],"curies":[{"name":"wp","href":"https:\/\/api.w.org\/{rel}","templated":true}]}}