{"id":9469,"date":"2022-09-30T14:58:05","date_gmt":"2022-09-30T17:58:05","guid":{"rendered":"https:\/\/imais.online\/portal\/?p=9469"},"modified":"2022-09-30T14:58:51","modified_gmt":"2022-09-30T17:58:51","slug":"mes-das-criancas-reune-teatro-musica-e-brincadeiras-em-diversos-pontos-de-indaiatuba","status":"publish","type":"post","link":"https:\/\/imais.online\/portal\/mes-das-criancas-reune-teatro-musica-e-brincadeiras-em-diversos-pontos-de-indaiatuba\/","title":{"rendered":"M\u00eas das Crian\u00e7as re\u00fane teatro, m\u00fasica e brincadeiras em diversos pontos de Indaiatuba"},"content":{"rendered":"<div class=\"imais-before-content-placement\" id=\"imais-473922664\"><script async src=\"\/\/pagead2.googlesyndication.com\/pagead\/js\/adsbygoogle.js?client=ca-pub-8787528412751566\" crossorigin=\"anonymous\"><\/script><ins class=\"adsbygoogle\" style=\"display:block;\" data-ad-client=\"ca-pub-8787528412751566\" \ndata-ad-slot=\"\" \ndata-ad-format=\"auto\"><\/ins>\n<script> \n(adsbygoogle = window.adsbygoogle || []).push({}); \n<\/script>\n<\/div>\n<p><em><small>No total, ser\u00e3o 12 atividades gratuitas que acontecem entre os dias 1\u00ba a 12 de outubro<\/small><\/em><\/p>\n\n\n\n<p>A Prefeitura de Indaiatuba, por meio da Secretaria Municipal de Cultura, promove entre os dias 1\u00ba a 12 de outubro o Dia de Brincar, uma programa\u00e7\u00e3o inteiramente voltada para o M\u00eas das Crian\u00e7as. As atra\u00e7\u00f5es come\u00e7am j\u00e1 neste s\u00e1bado, 1\u00ba de outubro, e se estendem at\u00e9 o dia 12, Dia das Crian\u00e7as, com destaque para o evento que leva o nome do projeto e celebra tamb\u00e9m os cinco anos de atividades do Parque da Crian\u00e7a.<\/p>\n\n\n\n<p>\u201cA Secretaria Municipal de Cultura, em parceria com outras pastas, preparou uma s\u00e9rie de atra\u00e7\u00f5es como teatro, m\u00e1gica, m\u00fasica e muitas brincadeiras para que as fam\u00edlias de Indaiatuba possam celebrar juntas o M\u00eas das Crian\u00e7as\u201d, destaca o prefeito Nilson Gaspar.&nbsp;<\/p>\n\n\n\n<p>\u201cPreparamos uma programa\u00e7\u00e3o especial junto com as companhias de teatro locais e com apoio do Governo do Estado de S\u00e3o Paulo, por meio da Juntos pela Cultura e Amigos da Arte, que est\u00e3o enviando o espet\u00e1culo&nbsp;<em>Cavaco e sua Pulga Adestrada<\/em>,do grupo Caranava Tapioca, dentro do projeto CircuitoSP\u201d, revela a secret\u00e1ria municipal de Cultura, T\u00e2nia Castanho.<\/p>\n\n\n\n<p><em>Cavaco e sua Pulga Adestrada<\/em>&nbsp;foi criado para ser apresentado ao p\u00fablico de todas as idades, inspirado nos antigos grupos de saltimbancos e teatro mambembe. O processo de cria\u00e7\u00e3o ocorreu em grande parte de forma pr\u00e1tica com ensaios abertos em parques e pra\u00e7as da cidade do Recife, sob a supervis\u00e3o de Helder Vasconcelos, que assina a dire\u00e7\u00e3o e realizou a prepara\u00e7\u00e3o corporal.<\/p>\n\n\n\n<p>Misturando o jogo c\u00eanico com n\u00fameros de magia e ilusionismo, o espet\u00e1culo conta com trilha sonora de Adriana Milet, figurino de Luciano Pontes e cenografia de Anderson Machado.<\/p>\n\n\n\n<p><strong>Dia de Brincar<\/strong><\/p>\n\n\n\n<p>O Centro de Artes e Esportes Unificado (CEU) do Jardim S\u00e3o Conrado recebe no dia 8 a Tarde para as Crian\u00e7as, com brinquedos, pipoca, algod\u00e3o doce, apresenta\u00e7\u00e3o de circos e dos alunos de dan\u00e7as urbanas da Secretaria Municipal de Cultura, al\u00e9m de gincana organizada por professores da Secretaria Municipal de Esportes.<\/p>\n\n\n\n<p>No dia 12, uma programa\u00e7\u00e3o especial ser\u00e1 montada no Parque da Crian\u00e7a, que comemora cinco anos, com direito a Biblioteca Itinerante, personagens que as crian\u00e7as adoram e recreadores, que comandar\u00e3o muitas atividades e brincadeiras ao longo da programa\u00e7\u00e3o, que acontece das 9h \u00e0s 13h. O evento conta com apoio das secretarias de Esportes, Educa\u00e7\u00e3o, Obras e Vias P\u00fablicas, Servi\u00e7os Urbanos e Meio Ambiente, Sa\u00fade e do Saae (Servi\u00e7o Aut\u00f4nomo de \u00c1gua e Esgotos).<\/p>\n\n\n\n<p>A programa\u00e7\u00e3o \u00e9 inteiramente gratuita, mas para os espet\u00e1culos teatrais que acontecem no Centro Cultura Hermenegildo Pinto (Piano) e no Centro de Artes e Esportes Unificado (CEU) do Jardim S\u00e3o Conrado, os ingressos estar\u00e3o dispon\u00edveis para retirada uma hora antes do in\u00edcio da atra\u00e7\u00e3o, respeitando o limite de capacidade dos espa\u00e7os.<strong><\/strong><\/p>\n\n\n\n<p><strong>PROGRAMA\u00c7\u00c3O<\/strong><\/p>\n\n\n\n<p><strong>1\u00ba de outubro<br>Fam\u00edlia Burg, com&nbsp;<em>Curiosa Coisa<br><\/em>10h30 \u2013 Esta\u00e7\u00e3o Cultural Itaici<\/strong><\/p>\n\n\n\n<p>Com atua\u00e7\u00e3o e cria\u00e7\u00e3o da Fam\u00edlia Burg, o espet\u00e1culo se utiliza de duas modalidades circenses: a palha\u00e7aria e a acrobacia c\u00f4mica.A pe\u00e7a \u00e9 dividida em esquetes que surgem das intera\u00e7\u00f5es entre diferentes figuras: aquelas onde se cruzam animais de todas as esp\u00e9cies e outras em que a forma humana tenta se destacar pelas filosofias e divaga\u00e7\u00f5es sobre as origens.<\/p>\n\n\n\n<p>Um trio muito pitoresco chega \u00e0 cena. Ser\u00e3o figuras mitol\u00f3gicas? Uma tribo brincante e desconhecida?&nbsp; Quais s\u00e3o as liga\u00e7\u00f5es entre o humor e a cria\u00e7\u00e3o do universo? Ser\u00e1 que podemos tangenciar a vida e a natureza das coisas atrav\u00e9s do riso?<\/p>\n\n\n\n<p><strong>4 de outubro (ter\u00e7a-feira)<br>Grupo de Teatro Enrolados, com&nbsp;<em>Duende Dudu em Uma Aventura Especial<br><\/em>19h30 \u2013 Piano<\/strong><\/p>\n\n\n\n<p>Em uma cidadezinha interiorana, duende Dudu e o jovem Jo\u00e3ozinho descobrem que o meio ambiente est\u00e1 chateado com a humanidade. Como se n\u00e3o fosse o bastante, eles enfrentam uma bruxa malvada que tenta p\u00f4r fim na popula\u00e7\u00e3o. Para salvar a cidade e toda sua hist\u00f3ria, Jo\u00e3ozinho e Dudu fazem planos m\u00e1gicos, com um ingrediente pra l\u00e1 de especial: o amor.<\/p>\n\n\n\n<p>J\u00fanior Grotto assina dire\u00e7\u00e3o, roteiro, cen\u00e1rio, figurinos, composi\u00e7\u00e3o das m\u00fasicas e a opera\u00e7\u00e3o de som e luz. O elenco conta com Danielle Caroline, Renan Farias, Leticia Ribeiro e Giovani Rebonato.<\/p>\n\n\n\n<p><strong>5 de outubro (quarta-feira)<br>Trupe C\u00eanica Brasil, com&nbsp;<em>O Mundo de Clara<\/em><br>19h30 \u2013 Piano<\/strong><\/p>\n\n\n\n<p>Pe\u00e7a infantil conta a hist\u00f3ria de Clara, uma garotinha filha de um empres\u00e1rio, cuja empresa est\u00e1 poluindo um rio. Com ajuda de seus amigos duendes, Belinsk e Zelinsk e a Fada Azul, Clara vai tentar convencer seu pai da import\u00e2ncia de se preservar a natureza. O espet\u00e1culo tem dura\u00e7\u00e3o de 60 minutos e mistura realidade e fantasia para fazer com que o p\u00fablico reflita a respeito de valores e atitudes na forma\u00e7\u00e3o das crian\u00e7as.<\/p>\n\n\n\n<p>Roteiro e dire\u00e7\u00e3o s\u00e3o de Andr\u00e9 Chiarioni, que tamb\u00e9m integra o elenco ao lado de Janaina Chiarioni, Willian Louren\u00e7\u00e3o e Jo\u00e3o Chiarioni. Mariana Magalh\u00e3es e Gaby Souza s\u00e3o contrarregras, Gabriel Chiarioni \u00e9 respons\u00e1vel por som e ilumina\u00e7\u00e3o e a coordena\u00e7\u00e3o geral \u00e9 de Concei\u00e7\u00e3o Chiarioni.<\/p>\n\n\n\n<p><strong>6 de outubro (quinta-feira)<br>Grupo Divers\u00e3o e Magia, com&nbsp;<em>O Menino que Cuidava do Mundo<\/em><br>19h30 \u2013 Piano<\/strong><\/p>\n\n\n\n<p>Em um reino m\u00e1gico t\u00e3o t\u00e3o distante, uma rainha recebe informa\u00e7\u00f5es de que uma cidade do interior conhecida como Indaiatuba est\u00e1 sob amea\u00e7a de uma vil\u00e3. Ent\u00e3o ela manda duas fadas \u00e0 cidade sem magia para ajudarem um menino que vive preocupado com o meio ambiente, Joca, que mora com a m\u00e3e e est\u00e1 sempre pensando em preservar o meio ambiente e toda sua cidade. Ser\u00e1 que juntos eles poder\u00e3o salvar a cidade das maldades da vil\u00e3?<\/p>\n\n\n\n<p>O elenco conta com&nbsp;Bruna Sampaio, Maria Eduarda, Giovanna Ragazini, Leticia de Siqueira, Victor Basilio e Giovanna Quitzau. Dire\u00e7\u00e3o, roteiro, cen\u00e1rio, figurinos e opera\u00e7\u00e3o de som e luz s\u00e3o de&nbsp;Mauricio Rezitano.<\/p>\n\n\n\n<p><strong>7 de outubro (sexta-feira)<br><em>Acredite&#8230; \u00e9 M\u00e1gica!<\/em><br>19h30 \u2013 Piano<\/strong><br>Espet\u00e1culo re\u00fane diversos m\u00e1gicos e ilusionistas de Indaiatuba, como Lucas Bras, Sidney Bedin e Fernando Souza, com Tainara Furlan de Souza e Ana Vit\u00f3ria Furlan como assistentes de palco e core\u00f3grafas.<\/p>\n\n\n\n<p><strong>8 de outubro (s\u00e1bado)<br>Tarde para as Crian\u00e7as<br>14h \u00e0s 18h \u2013 CEU S\u00e3o Conrado<\/strong><\/p>\n\n\n\n<p><strong>8 de outubro (s\u00e1bado)<br>Grupo Indaiatrupe, com&nbsp;<em>O Quarto de Brinquedo<\/em><br>14h \u2013 CEU S\u00e3o Conrado<\/strong><\/p>\n\n\n\n<p>Fabinho \u00e9 um palha\u00e7o carism\u00e1tico, que est\u00e1 constantemente viajando pelo mundo com a ajuda de seu narizinho de palha\u00e7o m\u00e1gico, que lhe permite teletransportar-se rapidamente de um local para o outro.<\/p>\n\n\n\n<p>No entanto, por ser muito atrapalhado, certo dia Fabinho acaba se teletransportando acidentalmente para um universo paralelo, um enorme quarto de brinquedo, onde se torna prisioneiro. Desesperado, nosso protagonista entra numa incr\u00edvel aventura em busca de seu nariz encantado, encontrando pelo caminho brinquedos que possuem vida pr\u00f3pria.<\/p>\n\n\n\n<p><strong>9 de outubro (domingo)<br>Caravana Tapioca, com&nbsp;<em>Cavaco e sua Pulga Adestrada<br><\/em>10h \u2013 Concha Ac\u00fastica do Parque Ecol\u00f3gico<br><\/strong>Transportando o p\u00fablico para o universo cl\u00e1ssico e imagin\u00e1rio do circo de pulgas, o espet\u00e1culo apresenta Maria, a pulga adestrada que chega de paraquedas, canta, faz m\u00fasica com panelas, cospe fogo, doma uma fera, entre outras habilidades nunca antes vistas. Cavaco, o exc\u00eantrico domador, faz a costura dos n\u00fameros com m\u00fasica ao vivo, malabarismo, magia e comicidade.<\/p>\n\n\n\n<p>Ao melhor estilo brincante do artista popular, \u00e9 estabelecido um jogo de intera\u00e7\u00e3o e improvisa\u00e7\u00e3o com a plateia, que participa do espet\u00e1culo at\u00e9 o final, esperando a incr\u00edvel pulga ser lan\u00e7ada do canh\u00e3o para o espa\u00e7o sideral.<\/p>\n\n\n\n<p><strong>10 de outubro (segunda-feira)<br>Grupo de Teatro F\u00e2ntaso, com&nbsp;<em>Utopia S.A.<\/em><br>19h30 \u2013 Piano<br><\/strong>Dentro de cada cabe\u00e7a pensante, existe a Utopia S.A, empresa especializada na imagina\u00e7\u00e3o das crian\u00e7as. Tr\u00eas atendentes recebem liga\u00e7\u00f5es com pensamentos e transformam cada pedido em realidade. Quando a cabe\u00e7a come\u00e7a a pensar, o alarme come\u00e7a a tocar. Mas ultimamente as liga\u00e7\u00f5es est\u00e3o se acabando e a criatividade quase n\u00e3o existe. Uma certa manh\u00e3, eles recebem um alerta diferente e t\u00eam que realizar um pensamento muito diferente e pra l\u00e1 de especial.<strong><\/strong><\/p>\n\n\n\n<p>Tiago Marcon e M\u00e1rcio Guimar\u00e3es assinam texto, dire\u00e7\u00e3o, ilumina\u00e7\u00e3o, cenografia, sonoplastia, maquiagem, figurino, m\u00fasicas e composi\u00e7\u00f5es. As coreografias s\u00e3o de Nat\u00e1lia Pinezzi, o operador de som \u00e9 Bruno Brito e a opera\u00e7\u00e3o de luz s\u00e3o de Bruno Blanco e Vit\u00f3ria Santos.<\/p>\n\n\n\n<p><strong>11 de outubro (ter\u00e7a-feira)<br>Cia. Teatral Mat\u00e9ria Prima, com&nbsp;<em>Menina Alice em Defesa do Meio Ambiente<\/em><br>19h30 \u2013 Piano<br><\/strong>Conhe\u00e7a a Menina Alice, uma garotinha protetora do meio ambiente, e seu amigo Caramelo, um c\u00e3ozinho muito esperto e fiel, mas tamb\u00e9m um pouco atrapalhado. A aventura come\u00e7a quando ela se prepara para cuidar do seu jardim e descobre que ele est\u00e1 todo destru\u00eddo. Muito triste, mas sem desaminar, ela e seu amigo Caramelo come\u00e7am a procurar explica\u00e7\u00f5es para o que teria acontecido. Resolvem chamar o Professor, um personagem muito inteligente e agitado, que adora ensinar sobre o meio ambiente e sobre como ajudar a preservar a natureza. Assim eles descobrem o Sr. Sujeira, uma representa\u00e7\u00e3o de todas as pessoas que n\u00e3o respeitam a natureza. Juntos, eles ir\u00e3o aprender uma importante li\u00e7\u00e3o.<\/p>\n\n\n\n<p>O elenco conta com Jeniffer Mendes, Pedro Mathias, Dartagnan Bertelli e Ger\u00ea Canova, que tamb\u00e9m \u00e9 autor do espet\u00e1culo. O figurino \u00e9 de Zenaide Baroni, o cen\u00e1rio de Marcelo Rosa, a coreografia de Jeniffer Mendes, a concep\u00e7\u00e3o de luz, trilha sonora e sonoplastia de Ger\u00ea Canova e a maquiagem \u00e9 do grupo. As m\u00fasicas s\u00e3o de Ger\u00ea Canova, interpretadas por Maria Clara, com arranjos de Gerson Lima, da Pal G Studio.<\/p>\n\n\n\n<p><strong>12 de outubro (quarta-feira)<br>Dia de Brincar<br>9h \u00e0s 13h \u2013 Parque da Crian\u00e7a<\/strong><\/p>\n\n\n\n<p><strong>12 de outubro (quarta-feira)<br>Grupo Ex\u00f3rdio, com&nbsp;<em>A Jornada das Cores<br><\/em>16h \u2013 Piano<br><\/strong>Augusto sempre viveu muito feliz no vilarejo das cores, onde tudo era cheio de cores e encantos, mas em um dia muito estranho ele percebeu que tudo tinha ficado preto e branco e triste. Augusto agora precisa embarcar em uma grande aventura para descobrir um jeito de salvar o vilarejo das cores e restabelecer o equil\u00edbrio perdido.<\/p>\n\n\n\n<p>O elenco conta com Cristina Simionato (Cor Azul), Eduarda Godoy (Cor Branca), Larissa Lopes (Cor Vermelha), Nara Oliveira (Cor Amarela), Rose Kramer (Cor Preta) e Afonso Torres (Augusto), que tamb\u00e9m assina a dire\u00e7\u00e3o, dramaturgia e trilha sonora. O figurino \u00e9 de Zenaide Baroni, maquiagem de Larissa Lopes, cen\u00e1rio de Lucas Tadeu, som de Paollo Torres e ilumina\u00e7\u00e3o de Andr\u00e9 Lup\u00e9rcio.<strong><\/strong><\/p>\n\n\n\n<p><strong>ENDERE\u00c7OS<\/strong><\/p>\n\n\n\n<p><strong>CEU do Jardim S\u00e3o Conrado<br><\/strong>Rua Jordalino Pietrobom, 1.300<\/p>\n\n\n\n<p><strong>Centro Cultural Hermenegildo Pinto (Piano)<br><\/strong>Av. Eng. Fabio Roberto Barnab\u00e9, 5.924 \u2013 Jardim Morada do Sol<\/p>\n\n\n\n<p><strong>Parque da Crian\u00e7a<br><\/strong>Av. Eng. F\u00e1bio Roberto Barnab\u00e9, 3.379 &#8211; Jardim do Vale 2<\/p>\n","protected":false},"excerpt":{"rendered":"<p>No total, ser\u00e3o 12 atividades gratuitas que acontecem entre os dias 1\u00ba a 12 de outubro A Prefeitura de Indaiatuba, por meio da Secretaria Municipal de Cultura, promove entre os dias 1\u00ba a 12 de outubro o Dia de Brincar, uma programa\u00e7\u00e3o inteiramente voltada para o M\u00eas das Crian\u00e7as. As atra\u00e7\u00f5es come\u00e7am j\u00e1 neste s\u00e1bado, [&hellip;]<\/p>\n","protected":false},"author":8,"featured_media":9470,"comment_status":"closed","ping_status":"open","sticky":false,"template":"","format":"standard","meta":{"rop_custom_images_group":[],"rop_custom_messages_group":[],"rop_publish_now":"initial","rop_publish_now_accounts":[],"rop_publish_now_history":[],"rop_publish_now_status":"pending","footnotes":""},"categories":[188],"tags":[73],"class_list":["post-9469","post","type-post","status-publish","format-standard","has-post-thumbnail","hentry","category-indaiatuba","tag-featured"],"amp_enabled":true,"_links":{"self":[{"href":"https:\/\/imais.online\/portal\/wp-json\/wp\/v2\/posts\/9469","targetHints":{"allow":["GET"]}}],"collection":[{"href":"https:\/\/imais.online\/portal\/wp-json\/wp\/v2\/posts"}],"about":[{"href":"https:\/\/imais.online\/portal\/wp-json\/wp\/v2\/types\/post"}],"author":[{"embeddable":true,"href":"https:\/\/imais.online\/portal\/wp-json\/wp\/v2\/users\/8"}],"replies":[{"embeddable":true,"href":"https:\/\/imais.online\/portal\/wp-json\/wp\/v2\/comments?post=9469"}],"version-history":[{"count":1,"href":"https:\/\/imais.online\/portal\/wp-json\/wp\/v2\/posts\/9469\/revisions"}],"predecessor-version":[{"id":9471,"href":"https:\/\/imais.online\/portal\/wp-json\/wp\/v2\/posts\/9469\/revisions\/9471"}],"wp:featuredmedia":[{"embeddable":true,"href":"https:\/\/imais.online\/portal\/wp-json\/wp\/v2\/media\/9470"}],"wp:attachment":[{"href":"https:\/\/imais.online\/portal\/wp-json\/wp\/v2\/media?parent=9469"}],"wp:term":[{"taxonomy":"category","embeddable":true,"href":"https:\/\/imais.online\/portal\/wp-json\/wp\/v2\/categories?post=9469"},{"taxonomy":"post_tag","embeddable":true,"href":"https:\/\/imais.online\/portal\/wp-json\/wp\/v2\/tags?post=9469"}],"curies":[{"name":"wp","href":"https:\/\/api.w.org\/{rel}","templated":true}]}}