{"id":9521,"date":"2022-10-04T13:52:10","date_gmt":"2022-10-04T16:52:10","guid":{"rendered":"https:\/\/imais.online\/portal\/?p=9521"},"modified":"2022-10-04T14:11:38","modified_gmt":"2022-10-04T17:11:38","slug":"governadores-reeleitos-articulam-carta-de-apoio-a-reeleicao-de-bolsonaro","status":"publish","type":"post","link":"https:\/\/imais.online\/portal\/governadores-reeleitos-articulam-carta-de-apoio-a-reeleicao-de-bolsonaro\/","title":{"rendered":"Governadores reeleitos articulam carta de apoio \u00e0 reelei\u00e7\u00e3o de Bolsonaro"},"content":{"rendered":"<div class=\"imais-before-content-placement\" id=\"imais-316537659\"><script async src=\"\/\/pagead2.googlesyndication.com\/pagead\/js\/adsbygoogle.js?client=ca-pub-8787528412751566\" crossorigin=\"anonymous\"><\/script><ins class=\"adsbygoogle\" style=\"display:block;\" data-ad-client=\"ca-pub-8787528412751566\" \ndata-ad-slot=\"\" \ndata-ad-format=\"auto\"><\/ins>\n<script> \n(adsbygoogle = window.adsbygoogle || []).push({}); \n<\/script>\n<\/div>\n<h2 class=\"wp-block-heading\">Ratinho J\u00fanior (Paran\u00e1) e Romeu Zema (Minas Gerais) lideram apoio; Ibaneis Rocha, do DF, e Cl\u00e1udio Castro, do Rio, v\u00e3o assinar<\/h2>\n\n\n\n<p>O governador reeleito do Paran\u00e1, Ratinho J\u00fanior (PSD), e o de Minas Gerais, Romeu Zema (Novo) articulam uma carta de apoio ao presidente Jair Bolsonaro (PL) assinada por ao menos cinco governadores. Al\u00e9m dos dois, os governadores reeleitos do Rio de Janeiro, Cl\u00e1udio Castro (PL), e do Distrito Federal, Ibaneis Rocha (MDB) tamb\u00e9m v\u00e3o assinar o documento. Outro governador est\u00e1 conversando sobre o apoio ao presidente.<\/p>\n\n\n\n<p>Nesta segunda, Zema e Castro anunciaram formalmente ades\u00e3o \u00e0 campanha de reelei\u00e7\u00e3o de Bolsonaro, ap\u00f3s reuni\u00e3o no Pal\u00e1cio da Alvorada. Nesta quarta (5), Ibaneis Rocha deve se reunir com Bolsonaro e tamb\u00e9m formalizar o apoio \u00e0 reelei\u00e7\u00e3o do presidente. Ao&nbsp;<strong>R7<\/strong>, Ibaneis disse que uma reuni\u00e3o com apoiadores do presidente deve ser realizada na quinta-feira, em Belo Horizonte.<\/p>\n\n\n\n<p>Os apoios de Zema e Castro t\u00eam um grande peso na campanha, j\u00e1 que os estados que governam s\u00e3o o segundo e o terceiro maiores col\u00e9gios eleitorais do pa\u00eds, respectivamente.&nbsp; &#8220;Gratid\u00e3o n\u00e3o se prescreve e [vamos] rumo \u00e0 vit\u00f3ria de Bolsonaro e vamos fazer do Rio de Janeiro a maior diferen\u00e7a do Brasil&#8221;, disse Castro&nbsp;ap\u00f3s encontro com o presidente nesta ter\u00e7a. &#8220;O que importa \u00e9 que a gente sai daqui para a vit\u00f3ria do presidente de uma vez por todas.&#8221;<\/p>\n\n\n\n<p>Dos 15 governadores eleitos no primeiro turno, sete j\u00e1 anunciaram apoio \u00e0 reelei\u00e7\u00e3o de Bolsonaro: Al\u00e9m de Castro, Ratinho J\u00fanior, Zema e Ibaneis, tamb\u00e9m integram a lista de apoios, Gladson Cameli (PP), do Acre, Mauro Mendes (Uni\u00e3o Brasil), do Mato Grosso, e Antonio Denarium (RR), de Roraima.<\/p>\n\n\n\n<h3 class=\"wp-block-heading\">Apoios de Moro e Dallagnol<\/h3>\n\n\n\n<p>Al\u00e9m dos governadores, Bolsonaro ganhou apoio p\u00fablico do ex-juiz e ex-ministro Sergio Moro, que foi eleito senador pelo Paran\u00e1 pelo Uni\u00e3o Brasil. Em uma postagem nas redes sociais na manh\u00e3 desta ter\u00e7a-feira (4), Moro declarou que&nbsp;&#8220;[o ex-presidente] Lula n\u00e3o \u00e9 uma op\u00e7\u00e3o eleitoral&#8221;.<\/p>\n\n\n\n<p>A postagem de Moro foi compartilhada pelo ex-procurador e ex-chefe da for\u00e7a-tarefa da Lava Jato em Curitiba Deltan Dallgnol, que foi eleito deputado federal pelo Podemos. Logo ap\u00f3s a divulga\u00e7\u00e3o dos resultados do primeiro turno da elei\u00e7\u00e3o, Dallagnol j\u00e1 havia anunciado apoio a Bolsonaro no segundo turno, listando os esc\u00e2ndalos do mensal\u00e3o, do petrol\u00e3o e saque \u00e0s estatais como alguns dos motivos para rejeitar a candidatura do ex-presidente Luiz In\u00e1cio Lula da Silva (PT).<\/p>\n\n\n\n<p>Fonte R7 <\/p>\n","protected":false},"excerpt":{"rendered":"<p>Ratinho J\u00fanior (Paran\u00e1) e Romeu Zema (Minas Gerais) lideram apoio; Ibaneis Rocha, do DF, e Cl\u00e1udio Castro, do Rio, v\u00e3o assinar O governador reeleito do Paran\u00e1, Ratinho J\u00fanior (PSD), e o de Minas Gerais, Romeu Zema (Novo) articulam uma carta de apoio ao presidente Jair Bolsonaro (PL) assinada por ao menos cinco governadores. Al\u00e9m dos [&hellip;]<\/p>\n","protected":false},"author":8,"featured_media":9530,"comment_status":"closed","ping_status":"open","sticky":false,"template":"","format":"standard","meta":{"rop_custom_images_group":[],"rop_custom_messages_group":[],"rop_publish_now":"initial","rop_publish_now_accounts":[],"rop_publish_now_history":[],"rop_publish_now_status":"pending","footnotes":""},"categories":[233],"tags":[],"class_list":["post-9521","post","type-post","status-publish","format-standard","has-post-thumbnail","hentry","category-eleicoes"],"amp_enabled":true,"_links":{"self":[{"href":"https:\/\/imais.online\/portal\/wp-json\/wp\/v2\/posts\/9521","targetHints":{"allow":["GET"]}}],"collection":[{"href":"https:\/\/imais.online\/portal\/wp-json\/wp\/v2\/posts"}],"about":[{"href":"https:\/\/imais.online\/portal\/wp-json\/wp\/v2\/types\/post"}],"author":[{"embeddable":true,"href":"https:\/\/imais.online\/portal\/wp-json\/wp\/v2\/users\/8"}],"replies":[{"embeddable":true,"href":"https:\/\/imais.online\/portal\/wp-json\/wp\/v2\/comments?post=9521"}],"version-history":[{"count":2,"href":"https:\/\/imais.online\/portal\/wp-json\/wp\/v2\/posts\/9521\/revisions"}],"predecessor-version":[{"id":9526,"href":"https:\/\/imais.online\/portal\/wp-json\/wp\/v2\/posts\/9521\/revisions\/9526"}],"wp:featuredmedia":[{"embeddable":true,"href":"https:\/\/imais.online\/portal\/wp-json\/wp\/v2\/media\/9530"}],"wp:attachment":[{"href":"https:\/\/imais.online\/portal\/wp-json\/wp\/v2\/media?parent=9521"}],"wp:term":[{"taxonomy":"category","embeddable":true,"href":"https:\/\/imais.online\/portal\/wp-json\/wp\/v2\/categories?post=9521"},{"taxonomy":"post_tag","embeddable":true,"href":"https:\/\/imais.online\/portal\/wp-json\/wp\/v2\/tags?post=9521"}],"curies":[{"name":"wp","href":"https:\/\/api.w.org\/{rel}","templated":true}]}}