{"id":953,"date":"2021-08-25T10:01:04","date_gmt":"2021-08-25T13:01:04","guid":{"rendered":"https:\/\/imais.online\/portal\/?p=953"},"modified":"2021-08-25T10:01:06","modified_gmt":"2021-08-25T13:01:06","slug":"previa-da-inflacao-oficial-fica-em-089-em-agosto","status":"publish","type":"post","link":"https:\/\/imais.online\/portal\/previa-da-inflacao-oficial-fica-em-089-em-agosto\/","title":{"rendered":"Pr\u00e9via da infla\u00e7\u00e3o oficial fica em 0,89% em agosto"},"content":{"rendered":"<div class=\"imais-before-content-placement\" id=\"imais-4056473623\"><script async src=\"\/\/pagead2.googlesyndication.com\/pagead\/js\/adsbygoogle.js?client=ca-pub-8787528412751566\" crossorigin=\"anonymous\"><\/script><ins class=\"adsbygoogle\" style=\"display:block;\" data-ad-client=\"ca-pub-8787528412751566\" \ndata-ad-slot=\"\" \ndata-ad-format=\"auto\"><\/ins>\n<script> \n(adsbygoogle = window.adsbygoogle || []).push({}); \n<\/script>\n<\/div>\n<h3 class=\"has-text-align-center wp-block-heading\">\u00c9 a maior varia\u00e7\u00e3o para um m\u00eas\u00a0de agosto\u00a0desde 2002<\/h3>\n\n\n\n<p>O \u00cdndice Nacional de Pre\u00e7os ao Consumidor Amplo 15 (IPCA-15), que mede a pr\u00e9via da infla\u00e7\u00e3o oficial, registrou alta de pre\u00e7os de 0,89% em agosto. A taxa \u00e9 superior ao 0,72% de julho deste ano e ao 0,23% de agosto do ano passado. Esta&nbsp;\u00e9 a maior varia\u00e7\u00e3o para um m\u00eas&nbsp;de agosto&nbsp;desde 2002 (1%).<img decoding=\"async\" src=\"https:\/\/agenciabrasil.ebc.com.br\/ebc.png?id=1419445&amp;o=node\"><img decoding=\"async\" src=\"https:\/\/agenciabrasil.ebc.com.br\/ebc.gif?id=1419445&amp;o=node\"><\/p>\n\n\n\n<p>O IPCA-15 acumula taxas de infla\u00e7\u00e3o de 5,81% no ano e de 9,30% em 12 meses, segundo dados divulgados&nbsp;hoje&nbsp;(25) pelo Instituto Brasileiro de Geografia e Estat\u00edstica (IBGE).<\/p>\n\n\n\n<p>Na pr\u00e9via&nbsp;de agosto, o principal impacto para a infla\u00e7\u00e3o veio do grupo de despesas habita\u00e7\u00e3o, que registrou alta de pre\u00e7os de 1,97%, influenciada pela energia el\u00e9trica, cujo custo subiu 5%.<\/p>\n\n\n\n<p>Os transportes tamb\u00e9m tiveram contribui\u00e7\u00e3o importante, ao subir&nbsp;1,11% na pr\u00e9via do m\u00eas. O comportamento do grupo foi influenciado pelas altas de pre\u00e7os da gasolina (2,05%), do etanol (2,19%) e \u00f3leo diesel (1,37%). Em m\u00e9dia, os combust\u00edveis tiveram infla\u00e7\u00e3o de 2,02% no per\u00edodo.<\/p>\n\n\n\n<p>Os alimentos e bebidas tiveram infla\u00e7\u00e3o de 1,02%, devido \u00e0s altas de produtos como&nbsp;<strong>tomate<\/strong>&nbsp;(16,06%),&nbsp;<strong>frango em peda\u00e7os<\/strong>&nbsp;(4,48%),&nbsp;<strong>frutas<\/strong>&nbsp;(2,07%) e&nbsp;<strong>leite longa vida<\/strong>&nbsp;(2,07%).<\/p>\n\n\n\n<p>O grupo sa\u00fade e cuidados pessoais foi o \u00fanico que apresentou defla\u00e7\u00e3o (queda de pre\u00e7os), ao recuar 0,29% na pr\u00e9via do m\u00eas.<\/p>\n\n\n\n<p>Por Vitor Abdala<\/p>\n","protected":false},"excerpt":{"rendered":"<p>\u00c9 a maior varia\u00e7\u00e3o para um m\u00eas\u00a0de agosto\u00a0desde 2002 O \u00cdndice Nacional de Pre\u00e7os ao Consumidor Amplo 15 (IPCA-15), que mede a pr\u00e9via da infla\u00e7\u00e3o oficial, registrou alta de pre\u00e7os de 0,89% em agosto. A taxa \u00e9 superior ao 0,72% de julho deste ano e ao 0,23% de agosto do ano passado. Esta&nbsp;\u00e9 a maior [&hellip;]<\/p>\n","protected":false},"author":8,"featured_media":954,"comment_status":"closed","ping_status":"open","sticky":false,"template":"","format":"standard","meta":{"rop_custom_images_group":[],"rop_custom_messages_group":[],"rop_publish_now":"initial","rop_publish_now_accounts":[],"rop_publish_now_history":[],"rop_publish_now_status":"pending","footnotes":""},"categories":[192],"tags":[],"class_list":["post-953","post","type-post","status-publish","format-standard","has-post-thumbnail","hentry","category-economia"],"amp_enabled":true,"_links":{"self":[{"href":"https:\/\/imais.online\/portal\/wp-json\/wp\/v2\/posts\/953","targetHints":{"allow":["GET"]}}],"collection":[{"href":"https:\/\/imais.online\/portal\/wp-json\/wp\/v2\/posts"}],"about":[{"href":"https:\/\/imais.online\/portal\/wp-json\/wp\/v2\/types\/post"}],"author":[{"embeddable":true,"href":"https:\/\/imais.online\/portal\/wp-json\/wp\/v2\/users\/8"}],"replies":[{"embeddable":true,"href":"https:\/\/imais.online\/portal\/wp-json\/wp\/v2\/comments?post=953"}],"version-history":[{"count":1,"href":"https:\/\/imais.online\/portal\/wp-json\/wp\/v2\/posts\/953\/revisions"}],"predecessor-version":[{"id":955,"href":"https:\/\/imais.online\/portal\/wp-json\/wp\/v2\/posts\/953\/revisions\/955"}],"wp:featuredmedia":[{"embeddable":true,"href":"https:\/\/imais.online\/portal\/wp-json\/wp\/v2\/media\/954"}],"wp:attachment":[{"href":"https:\/\/imais.online\/portal\/wp-json\/wp\/v2\/media?parent=953"}],"wp:term":[{"taxonomy":"category","embeddable":true,"href":"https:\/\/imais.online\/portal\/wp-json\/wp\/v2\/categories?post=953"},{"taxonomy":"post_tag","embeddable":true,"href":"https:\/\/imais.online\/portal\/wp-json\/wp\/v2\/tags?post=953"}],"curies":[{"name":"wp","href":"https:\/\/api.w.org\/{rel}","templated":true}]}}