{"id":9538,"date":"2022-10-05T13:37:18","date_gmt":"2022-10-05T16:37:18","guid":{"rendered":"https:\/\/imais.online\/portal\/?p=9538"},"modified":"2022-10-05T13:37:20","modified_gmt":"2022-10-05T16:37:20","slug":"camerata-filarmonica-de-indaiatuba-realizara-apresentacao-musical-de-dia-das-criancas","status":"publish","type":"post","link":"https:\/\/imais.online\/portal\/camerata-filarmonica-de-indaiatuba-realizara-apresentacao-musical-de-dia-das-criancas\/","title":{"rendered":"Camerata Filarm\u00f4nica de Indaiatuba realizar\u00e1 apresenta\u00e7\u00e3o Musical de Dia das Crian\u00e7as"},"content":{"rendered":"<div class=\"imais-before-content-placement\" id=\"imais-721856215\"><script async src=\"\/\/pagead2.googlesyndication.com\/pagead\/js\/adsbygoogle.js?client=ca-pub-8787528412751566\" crossorigin=\"anonymous\"><\/script><ins class=\"adsbygoogle\" style=\"display:block;\" data-ad-client=\"ca-pub-8787528412751566\" \ndata-ad-slot=\"\" \ndata-ad-format=\"auto\"><\/ins>\n<script> \n(adsbygoogle = window.adsbygoogle || []).push({}); \n<\/script>\n<\/div>\n<p>A Camerata Filarm\u00f4nica de Indaiatuba (ACAFI) ir\u00e1 realizar apresenta\u00e7\u00e3o musical em comemora\u00e7\u00e3o ao Dia das Crian\u00e7as, no pr\u00f3ximo dia 8 de Outubro. O evento faz parte da programa\u00e7\u00e3o art\u00edstica do Projeto Camerata Comunidade, com o Grupo de Professores.<\/p>\n\n\n\n<p>A apresenta\u00e7\u00e3o ser\u00e1 a conta\u00e7\u00e3o da hist\u00f3ria do livro \u201cPedro, o menino que aprendeu o mundo\u201d, do autor e compositor Rafael Vicole, que ser\u00e1 tamb\u00e9m o narrador.<\/p>\n\n\n\n<p>O concerto conta com Dire\u00e7\u00e3o Art\u00edstica e Reg\u00eancia de Nat\u00e1lia Larangeira.<\/p>\n\n\n\n<p><strong>Apresenta\u00e7\u00e3o Musical de Dia das Crian\u00e7as \u2013 Camerata Filarm\u00f4nica de Indaiatuba<\/strong><\/p>\n\n\n\n<p><strong>\u201cPedro, o menino que aprendeu o mundo\u201d<\/strong><\/p>\n\n\n\n<p>Dire\u00e7\u00e3o Art\u00edstica e Reg\u00eancia: Nat\u00e1lia Larangeira<\/p>\n\n\n\n<p>Coordena\u00e7\u00e3o Pedag\u00f3gica: Sabrina Passarelli<\/p>\n\n\n\n<p>Narra\u00e7\u00e3o: Rafael Vicole<\/p>\n\n\n\n<p>Grupo de Professores<\/p>\n\n\n\n<p>Violinos: David Fran\u00e7a, Claudia Carolyne e Sarah Genkawa<\/p>\n\n\n\n<p>Violoncelo: Sabrina Passarelli<\/p>\n\n\n\n<p>Contrabaixo: Gustavo Mazon Finessi<\/p>\n\n\n\n<p>Data: 8 de Outubro de 2022 (s\u00e1bado)<\/p>\n\n\n\n<p>Hor\u00e1rio: 15:00<\/p>\n\n\n\n<p>Local: Audit\u00f3rio &#8211; Bosque do Saber<\/p>\n\n\n\n<p>Endere\u00e7o: Rua Jo\u00e3o Batista D\u2019Alessandro, 610, Jd. Do Sol, Indaiatuba &#8211; SP<\/p>\n\n\n\n<p>Entrada Gratuita por ordem de chegada<\/p>\n","protected":false},"excerpt":{"rendered":"<p>A Camerata Filarm\u00f4nica de Indaiatuba (ACAFI) ir\u00e1 realizar apresenta\u00e7\u00e3o musical em comemora\u00e7\u00e3o ao Dia das Crian\u00e7as, no pr\u00f3ximo dia 8 de Outubro. O evento faz parte da programa\u00e7\u00e3o art\u00edstica do Projeto Camerata Comunidade, com o Grupo de Professores. A apresenta\u00e7\u00e3o ser\u00e1 a conta\u00e7\u00e3o da hist\u00f3ria do livro \u201cPedro, o menino que aprendeu o mundo\u201d, do [&hellip;]<\/p>\n","protected":false},"author":7,"featured_media":9539,"comment_status":"closed","ping_status":"open","sticky":false,"template":"","format":"standard","meta":{"rop_custom_images_group":[],"rop_custom_messages_group":[],"rop_publish_now":"initial","rop_publish_now_accounts":[],"rop_publish_now_history":[],"rop_publish_now_status":"pending","footnotes":""},"categories":[200,188],"tags":[],"class_list":["post-9538","post","type-post","status-publish","format-standard","has-post-thumbnail","hentry","category-cultura","category-indaiatuba"],"amp_enabled":true,"_links":{"self":[{"href":"https:\/\/imais.online\/portal\/wp-json\/wp\/v2\/posts\/9538","targetHints":{"allow":["GET"]}}],"collection":[{"href":"https:\/\/imais.online\/portal\/wp-json\/wp\/v2\/posts"}],"about":[{"href":"https:\/\/imais.online\/portal\/wp-json\/wp\/v2\/types\/post"}],"author":[{"embeddable":true,"href":"https:\/\/imais.online\/portal\/wp-json\/wp\/v2\/users\/7"}],"replies":[{"embeddable":true,"href":"https:\/\/imais.online\/portal\/wp-json\/wp\/v2\/comments?post=9538"}],"version-history":[{"count":1,"href":"https:\/\/imais.online\/portal\/wp-json\/wp\/v2\/posts\/9538\/revisions"}],"predecessor-version":[{"id":9540,"href":"https:\/\/imais.online\/portal\/wp-json\/wp\/v2\/posts\/9538\/revisions\/9540"}],"wp:featuredmedia":[{"embeddable":true,"href":"https:\/\/imais.online\/portal\/wp-json\/wp\/v2\/media\/9539"}],"wp:attachment":[{"href":"https:\/\/imais.online\/portal\/wp-json\/wp\/v2\/media?parent=9538"}],"wp:term":[{"taxonomy":"category","embeddable":true,"href":"https:\/\/imais.online\/portal\/wp-json\/wp\/v2\/categories?post=9538"},{"taxonomy":"post_tag","embeddable":true,"href":"https:\/\/imais.online\/portal\/wp-json\/wp\/v2\/tags?post=9538"}],"curies":[{"name":"wp","href":"https:\/\/api.w.org\/{rel}","templated":true}]}}