{"id":9541,"date":"2022-10-05T13:41:48","date_gmt":"2022-10-05T16:41:48","guid":{"rendered":"https:\/\/imais.online\/portal\/?p=9541"},"modified":"2022-10-05T13:41:49","modified_gmt":"2022-10-05T16:41:49","slug":"mulher-aciona-sos-caminho-das-rosas-e-homem-e-preso-por-descumprir-medida-protetiva","status":"publish","type":"post","link":"https:\/\/imais.online\/portal\/mulher-aciona-sos-caminho-das-rosas-e-homem-e-preso-por-descumprir-medida-protetiva\/","title":{"rendered":"Mulher aciona SOS Caminho das Rosas e homem \u00e9 preso por descumprir medida protetiva"},"content":{"rendered":"<div class=\"imais-before-content-placement\" id=\"imais-1545886987\"><script async src=\"\/\/pagead2.googlesyndication.com\/pagead\/js\/adsbygoogle.js?client=ca-pub-8787528412751566\" crossorigin=\"anonymous\"><\/script><ins class=\"adsbygoogle\" style=\"display:block;\" data-ad-client=\"ca-pub-8787528412751566\" \ndata-ad-slot=\"\" \ndata-ad-format=\"auto\"><\/ins>\n<script> \n(adsbygoogle = window.adsbygoogle || []).push({}); \n<\/script>\n<\/div>\n<p class=\"has-text-align-center\"><em>Indiv\u00edduo foi preso pelas equipes da Guarda Civil dentro da casa da v\u00edtima<\/em><\/p>\n\n\n\n<p>A Guarda Civil de Indaiatuba prendeu um homem na tarde de segunda-feira (03), ap\u00f3s o descumprimento de uma medida protetiva. A pris\u00e3o aconteceu no Bairro Jo\u00e3o Pioli.<\/p>\n\n\n\n<p>Por volta das 10h, uma mulher assistida pelo programa Caminho das Rosas, acionou seu bot\u00e3o de p\u00e2nico na Rua Pedro Rossignatti. O alarme soou no COI (Centro de Opera\u00e7\u00f5es e Intelig\u00eancia) que retransmitiu a localiza\u00e7\u00e3o em tempo real da v\u00edtima para as viaturas.<\/p>\n\n\n\n<p>Imediatamente as equipes mais pr\u00f3ximas foram enviadas para o local e lograram \u00eaxito em deter o indiv\u00edduo dentro da resid\u00eancia da v\u00edtima. Ela disse aos guardas que o homem chegou e entrou em sua casa sem o seu consentimento e come\u00e7ou a recolher v\u00e1rios objetos do local, como uma televis\u00e3o e um aparelho de som.<\/p>\n\n\n\n<p>O homem foi preso dentro da resid\u00eancia e apresentado na delegacia de defesa da mulher, onde permaneceu custodiado e a disposi\u00e7\u00e3o do poder judici\u00e1rio.<\/p>\n","protected":false},"excerpt":{"rendered":"<p>Indiv\u00edduo foi preso pelas equipes da Guarda Civil dentro da casa da v\u00edtima A Guarda Civil de Indaiatuba prendeu um homem na tarde de segunda-feira (03), ap\u00f3s o descumprimento de uma medida protetiva. A pris\u00e3o aconteceu no Bairro Jo\u00e3o Pioli. Por volta das 10h, uma mulher assistida pelo programa Caminho das Rosas, acionou seu bot\u00e3o [&hellip;]<\/p>\n","protected":false},"author":7,"featured_media":9542,"comment_status":"closed","ping_status":"open","sticky":false,"template":"","format":"standard","meta":{"rop_custom_images_group":[],"rop_custom_messages_group":[],"rop_publish_now":"initial","rop_publish_now_accounts":[],"rop_publish_now_history":[],"rop_publish_now_status":"pending","footnotes":""},"categories":[188],"tags":[],"class_list":["post-9541","post","type-post","status-publish","format-standard","has-post-thumbnail","hentry","category-indaiatuba"],"amp_enabled":true,"_links":{"self":[{"href":"https:\/\/imais.online\/portal\/wp-json\/wp\/v2\/posts\/9541","targetHints":{"allow":["GET"]}}],"collection":[{"href":"https:\/\/imais.online\/portal\/wp-json\/wp\/v2\/posts"}],"about":[{"href":"https:\/\/imais.online\/portal\/wp-json\/wp\/v2\/types\/post"}],"author":[{"embeddable":true,"href":"https:\/\/imais.online\/portal\/wp-json\/wp\/v2\/users\/7"}],"replies":[{"embeddable":true,"href":"https:\/\/imais.online\/portal\/wp-json\/wp\/v2\/comments?post=9541"}],"version-history":[{"count":1,"href":"https:\/\/imais.online\/portal\/wp-json\/wp\/v2\/posts\/9541\/revisions"}],"predecessor-version":[{"id":9543,"href":"https:\/\/imais.online\/portal\/wp-json\/wp\/v2\/posts\/9541\/revisions\/9543"}],"wp:featuredmedia":[{"embeddable":true,"href":"https:\/\/imais.online\/portal\/wp-json\/wp\/v2\/media\/9542"}],"wp:attachment":[{"href":"https:\/\/imais.online\/portal\/wp-json\/wp\/v2\/media?parent=9541"}],"wp:term":[{"taxonomy":"category","embeddable":true,"href":"https:\/\/imais.online\/portal\/wp-json\/wp\/v2\/categories?post=9541"},{"taxonomy":"post_tag","embeddable":true,"href":"https:\/\/imais.online\/portal\/wp-json\/wp\/v2\/tags?post=9541"}],"curies":[{"name":"wp","href":"https:\/\/api.w.org\/{rel}","templated":true}]}}