{"id":9558,"date":"2022-10-05T16:28:00","date_gmt":"2022-10-05T19:28:00","guid":{"rendered":"https:\/\/imais.online\/portal\/?p=9558"},"modified":"2022-10-05T16:28:02","modified_gmt":"2022-10-05T19:28:02","slug":"virada-sp-chega-a-indaiatuba-com-os-paralamas-do-sucesso-ira-denise-fraga-e-atracoes-internacionais","status":"publish","type":"post","link":"https:\/\/imais.online\/portal\/virada-sp-chega-a-indaiatuba-com-os-paralamas-do-sucesso-ira-denise-fraga-e-atracoes-internacionais\/","title":{"rendered":"Virada SP chega a Indaiatuba com Os Paralamas do Sucesso, Ira!, Denise Fraga e atra\u00e7\u00f5es internacionais"},"content":{"rendered":"<div class=\"imais-before-content-placement\" id=\"imais-2658632213\"><script async src=\"\/\/pagead2.googlesyndication.com\/pagead\/js\/adsbygoogle.js?client=ca-pub-8787528412751566\" crossorigin=\"anonymous\"><\/script><ins class=\"adsbygoogle\" style=\"display:block;\" data-ad-client=\"ca-pub-8787528412751566\" \ndata-ad-slot=\"\" \ndata-ad-format=\"auto\"><\/ins>\n<script> \n(adsbygoogle = window.adsbygoogle || []).push({}); \n<\/script>\n<\/div>\n<p class=\"has-text-align-center\"><em>Evento acontece dias 15 e 16 de outubro e conta com programa\u00e7\u00e3o no Parque, Casar\u00e3o, CIAEI e Esta\u00e7\u00e3o<\/em><\/p>\n\n\n\n<p>A Virada SP chega a Indaiatuba no final de semana de 15 e 16 de outubro e traz na programa\u00e7\u00e3o sucessos da m\u00fasica e do teatro. Os Paralamas do Sucesso, Ira! e a pe\u00e7a <em>Eu de Voc\u00ea<\/em>, com Denise Fraga, est\u00e3o entre as mais de 20 atra\u00e7\u00f5es que ser\u00e3o apresentadas nas 24 horas da maratona cultural. A partir da Virada SP, Indaiatuba passa a fazer parte dos munic\u00edpios com o t\u00edtulo de capital cultural do Estado em 2022. A Virada SP \u00e9 uma iniciativa da Secretaria de Cultura e Economia Criativa do governo de S\u00e3o Paulo, com gest\u00e3o da Amigos da Arte.<\/p>\n\n\n\n<p>O evento ser\u00e1 distribu\u00eddo em pontos diferentes da cidade, como a al\u00e7a de acesso \u00e0 Prefeitura de Indaiatuba, que ter\u00e1 dois espa\u00e7os para as atividades culturais, a Esta\u00e7\u00e3o Ferrovi\u00e1ria e o Casar\u00e3o Pau Preto.<\/p>\n\n\n\n<p>\u201cCom Indaiatuba, completamos 12 cidades contempladas pela Virada SP, que leva para o interior e litoral do estado uma programa\u00e7\u00e3o diversa e alinhada com os anseios da popula\u00e7\u00e3o local\u201d, diz Danielle Nigromonte, diretora-geral da Amigos da Arte, idealizadora e gestora do evento desde a primeira edi\u00e7\u00e3o.<\/p>\n\n\n\n<p>A programa\u00e7\u00e3o ser\u00e1 aberta ao p\u00fablico no s\u00e1bado (15) a partir das 11h com a apresenta\u00e7\u00e3o do Jazz na Kombi no Casar\u00e3o Pau Preto, que tamb\u00e9m recebe o Jogos no Mundo, atividade l\u00fadica para toda a fam\u00edlia, al\u00e9m da apresenta\u00e7\u00e3o de <em>Frankenweenie<\/em>, na sess\u00e3o Pontos MIS, entre outros.<\/p>\n\n\n\n<p>Os dois palcos da Al\u00e7a da Prefeitura recebem shows consagrados da cena musical nacional e internacional, como Ira!, Os Paralamas do Sucesso, O Teatro M\u00e1gico e Os Mutantes, al\u00e9m do som <em>heavy metal<\/em> de Udo&nbsp;Dirkschneider,&nbsp;ex-vocalista&nbsp;do&nbsp;Accept.<\/p>\n\n\n\n<p>O Palco Aer\u00f3dromo recebe, no s\u00e1bado (15), Andrew Tosh, filho e sobrinho de dois \u00edcones do reggae, Peter Tosh e Bunny Wailer, respectivamente. L\u00e1 tamb\u00e9m se apresentar\u00e3o As Mercen\u00e1rias, Rico Dalasam e Assucena, que ficou seis anos \u00e0 frente da banda As Ba\u00edas. Assucena foi indicada duas vezes ao Grammy Latino e recebeu dois Pr\u00eamios da M\u00fasica Brasileira. Em Indaiatuba, apresenta <em>Minha Voz e Eu<\/em>, show de estreia de sua carreira.<\/p>\n\n\n\n<p><strong>Teatro<\/strong><\/p>\n\n\n\n<p>Para quem gosta de teatro, a atriz Denise Fraga participa da Virada SP com a pe\u00e7a <em>Eu de Voc\u00ea<\/em>, onde comemora os seus 35 anos de atua\u00e7\u00e3o com o seu primeiro projeto solo, que tamb\u00e9m \u00e9 sua cria\u00e7\u00e3o e dire\u00e7\u00e3o de Luiz Villa\u00e7a, onde mostra hist\u00f3rias reais, costuradas por p\u00e9rolas da literatura e m\u00fasica, na Sala Acr\u00edsio de Camargo, no CIAEI (Centro Integrado de Apoio \u00e0 Educa\u00e7\u00e3o de Indaiatuba).<\/p>\n\n\n\n<p>\u201cRecebemos novamente a Virada SP em nossa cidade com muita alegria e uma programa\u00e7\u00e3o recheada de atra\u00e7\u00f5es nacionais e internacionais, seja nos palcos montados em frente \u00e0 Prefeitura, no CIAEI, Casar\u00e3o ou na Esta\u00e7\u00e3o Ferrovi\u00e1ria\u201d, destaca o prefeito Nilson Gaspar. \u201cO que n\u00e3o faltam s\u00e3o motivos para reunir a fam\u00edlia e os amigos e se divertir neste grande evento\u201d.<\/p>\n\n\n\n<p>\u201cGostaria de agradecer mais uma vez a parceria com a Secretaria de Cultura e Economia Criativa do Governo de S\u00e3o Paulo e a Amigos da Arte neste retorno presencial \u00e0 programa\u00e7\u00e3o da Virada SP, al\u00e9m do t\u00edtulo de capital cultural do Estado em 2022\u201d, conta a secret\u00e1ria municipal de Cultura, T\u00e2nia Castanho. \u201cTemos realizado diversos eventos que movimentam n\u00e3o somente Indaiatuba, mas toda a regi\u00e3o, e a programa\u00e7\u00e3o desta Virada SP chega para coroar este momento especial. Todos est\u00e3o convidados\u201d.<\/p>\n\n\n\n<p>Indaiatuba \u00e9 o 12\u00ba munic\u00edpio a receber a Virada SP este ano. No come\u00e7o de agosto, Adamantina e Ubarana inauguraram o evento que voltou ao formato presencial, depois de dois anos realizados virtualmente em fun\u00e7\u00e3o do isolamento imposto pela pandemia.<\/p>\n\n\n\n<p>Todas as 22 cidades foram selecionadas por chamamento p\u00fablico, realizado pelo governo do Estado de S\u00e3o Paulo.<\/p>\n\n\n\n<p><strong>Virada SP<\/strong><\/p>\n\n\n\n<p>A Virada SP \u00e9 uma maratona de arte e cultura com apresenta\u00e7\u00f5es de linguagens variadas realizadas por artistas e grupos consagrados regional, nacional e internacionalmente. As atividades acontecem durante 24 horas consecutivas em espa\u00e7os p\u00fablicos e privados. Todas as a\u00e7\u00f5es s\u00e3o gratuitas e abertas ao p\u00fablico. Em 2020 e 2021, o evento assumiu o formato virtual, em fun\u00e7\u00e3o do isolamento social imposto pela pandemia da Covid-19, mas manteve a parceria com cidades selecionadas, sempre por meio de chamadas p\u00fablicas.<\/p>\n\n\n\n<p>Este ano, a Virada SP volta ao modo presencial e, como nas edi\u00e7\u00f5es anteriores, d\u00e1 o t\u00edtulo de Capital Cultural do Estado de S\u00e3o Paulo aos 22 munic\u00edpios escolhidos \u2013Adamantina, Iguape, Ilha Solteira, Paraibuna, Santa F\u00e9 do Sul, Santa Rita do Passa Quatro, Santo Ant\u00f4nio do Pinhal, Ubarana, Botucatu, Mairipor\u00e3, Registro, Santa B\u00e1rbara d\u00b4Oeste, Votuporanga, Itapevi, Santos, Bertioga, Itanha\u00e9m e S\u00e3o Sebasti\u00e3o, Campinas, Presidente Prudente, S\u00e3o Jos\u00e9 dos Campos e Indaiatuba. As cidades de Santa Rita do Passa Quatro, Ubarana, Santo Ant\u00f4nio do Pinhal, Paraibuna, Adamantina e S\u00e3o Sebasti\u00e3o participam de forma in\u00e9dita do evento.<\/p>\n\n\n\n<p>Al\u00e9m de fomentar e democratizar o acesso \u00e0 cultura, a Virada SP, parte do programa #JuntosPelaCultura, \u00e9 um grande incentivador da arte local que une estado, prefeituras e segmentos art\u00edsticos a fim de desenvolver a cultura e a economia criativa em todas as regi\u00f5es do estado.<\/p>\n\n\n\n<p>A Virada SP de 2022 tem um investimento de R$ 15,7 milh\u00f5es, or\u00e7amento recorde na hist\u00f3ria das Viradas pelo Governo do Estado. A previs\u00e3o \u00e9 que, mais uma vez, o impacto econ\u00f4mico seja significativo com destaque para a gera\u00e7\u00e3o de empregos diretos e indiretos nas regi\u00f5es participantes.<\/p>\n\n\n\n<p><strong>PROGRAMA\u00c7\u00c2O VIRADA SP INDAIATUBA<\/strong><strong><br>(Todos os eventos na madrugada acontecem do s\u00e1bado para o domingo)<\/strong><\/p>\n\n\n\n<p><strong>Al\u00e7a Prefeitura &#8211; Al\u00e7a Nilson Cardoso de Carvalho, s\/n\u00b0 &#8211; Jd. Esplanada II (em frente \u00e0 Prefeitura)<\/strong><\/p>\n\n\n\n<p><strong>Palco Prefeitura<\/strong><\/p>\n\n\n\n<p><strong>S\u00e1bado (15\/10)<\/strong><strong><br><\/strong>18h U.D.O.<br>21h Ira!<\/p>\n\n\n\n<p><strong>Domingo (16\/10)<\/strong><strong><br><\/strong>0h Os Paralamas do Sucesso<br>12h Get\u00falio Abelha<br>15h O Teatro M\u00e1gico<br>18h Os Mutantes<\/p>\n\n\n\n<p><strong>Palco Aer\u00f3dromo<\/strong><\/p>\n\n\n\n<p><strong>S\u00e1bado (15\/10)<\/strong><strong><br><\/strong>17h Crypta<br>20h As Mercen\u00e1rias<br>23h Andrew Tosh<\/p>\n\n\n\n<p><strong>Domingo (16\/10)<\/strong><strong><br><\/strong>14h Rico Dalasam<br>17h Assucena<\/p>\n\n\n\n<p><strong>Esta\u00e7\u00e3o Ferrovi\u00e1ria &#8211; Pra\u00e7a Newton Prado, s\/n\u00b0 &#8211; Centro<\/strong><\/p>\n\n\n\n<p><strong>Domingo (16\/10)<\/strong><strong><br><\/strong>9h Locomotiva a Vapor n\u00ba 10<br>10h Grupo de Choro do N\u00facleo Nabor Pires Camargo<\/p>\n\n\n\n<p><strong>CIAEI &#8211; Sala Acr\u00edsio de Camargo &#8211; Av. Eng. F\u00e1bio Roberto Barnab\u00e9, 3.665 &#8211; Jd. Regina<\/strong><\/p>\n\n\n\n<p><strong>S\u00e1bado (15\/10)<\/strong><strong><br><\/strong>18h <em>Eu de Voc\u00ea<\/em> &#8211; Denise Fraga<br>22h15 <em>Os Condenados<\/em> &#8211; Os S\u00e1tyros<\/p>\n\n\n\n<p><strong>Domingo (16\/10)<\/strong><strong><br><\/strong>0h30 <em>Humor aos Peda\u00e7os &#8211; <\/em>Marcelo Mansfield e Guilherme Uzeda<br>11h <em>O Bricabraque <\/em>&#8211; Parlapat\u00f5es<br>15h <em>O Grande Tesouro<\/em> &#8211; Cia. M\u00e1rcio Araujo<br>18h <em>Riobaldo &#8211; Grande Sert\u00e3o: Veredas<\/em> &#8211; Gilson de Barros<\/p>\n\n\n\n<p><strong>Casar\u00e3o Pau Preto &#8211; Rua Pedro Gon\u00e7alves, 477 &#8211; Jd. Pau Preto<\/strong><\/p>\n\n\n\n<p>18h \u00e0s 18h Jogos do Mundo<\/p>\n\n\n\n<p><strong>S\u00e1bado (15\/10)<\/strong><strong><br><\/strong>11h Jazz na Kombi<br>14h Jazz na Kombi<br>15h Pontos MIS: <em>Frankenweenie<\/em>17h Jazz na Kombi + Bocato<\/p>\n","protected":false},"excerpt":{"rendered":"<p>Evento acontece dias 15 e 16 de outubro e conta com programa\u00e7\u00e3o no Parque, Casar\u00e3o, CIAEI e Esta\u00e7\u00e3o A Virada SP chega a Indaiatuba no final de semana de 15 e 16 de outubro e traz na programa\u00e7\u00e3o sucessos da m\u00fasica e do teatro. Os Paralamas do Sucesso, Ira! e a pe\u00e7a Eu de Voc\u00ea, [&hellip;]<\/p>\n","protected":false},"author":7,"featured_media":9559,"comment_status":"closed","ping_status":"open","sticky":false,"template":"","format":"standard","meta":{"rop_custom_images_group":[],"rop_custom_messages_group":[],"rop_publish_now":"initial","rop_publish_now_accounts":[],"rop_publish_now_history":[],"rop_publish_now_status":"pending","footnotes":""},"categories":[188],"tags":[73],"class_list":["post-9558","post","type-post","status-publish","format-standard","has-post-thumbnail","hentry","category-indaiatuba","tag-featured"],"amp_enabled":true,"_links":{"self":[{"href":"https:\/\/imais.online\/portal\/wp-json\/wp\/v2\/posts\/9558","targetHints":{"allow":["GET"]}}],"collection":[{"href":"https:\/\/imais.online\/portal\/wp-json\/wp\/v2\/posts"}],"about":[{"href":"https:\/\/imais.online\/portal\/wp-json\/wp\/v2\/types\/post"}],"author":[{"embeddable":true,"href":"https:\/\/imais.online\/portal\/wp-json\/wp\/v2\/users\/7"}],"replies":[{"embeddable":true,"href":"https:\/\/imais.online\/portal\/wp-json\/wp\/v2\/comments?post=9558"}],"version-history":[{"count":1,"href":"https:\/\/imais.online\/portal\/wp-json\/wp\/v2\/posts\/9558\/revisions"}],"predecessor-version":[{"id":9560,"href":"https:\/\/imais.online\/portal\/wp-json\/wp\/v2\/posts\/9558\/revisions\/9560"}],"wp:featuredmedia":[{"embeddable":true,"href":"https:\/\/imais.online\/portal\/wp-json\/wp\/v2\/media\/9559"}],"wp:attachment":[{"href":"https:\/\/imais.online\/portal\/wp-json\/wp\/v2\/media?parent=9558"}],"wp:term":[{"taxonomy":"category","embeddable":true,"href":"https:\/\/imais.online\/portal\/wp-json\/wp\/v2\/categories?post=9558"},{"taxonomy":"post_tag","embeddable":true,"href":"https:\/\/imais.online\/portal\/wp-json\/wp\/v2\/tags?post=9558"}],"curies":[{"name":"wp","href":"https:\/\/api.w.org\/{rel}","templated":true}]}}