{"id":9563,"date":"2022-10-06T10:29:25","date_gmt":"2022-10-06T13:29:25","guid":{"rendered":"https:\/\/imais.online\/portal\/?p=9563"},"modified":"2022-10-06T10:29:27","modified_gmt":"2022-10-06T13:29:27","slug":"novo-cronograma-da-coleta-de-lixo-domiciliar-passa-a-valer-a-partir-de-quarta-feira-12-10","status":"publish","type":"post","link":"https:\/\/imais.online\/portal\/novo-cronograma-da-coleta-de-lixo-domiciliar-passa-a-valer-a-partir-de-quarta-feira-12-10\/","title":{"rendered":"Novo cronograma da coleta de lixo domiciliar passa a valer a partir de quarta-feira (12\/10)"},"content":{"rendered":"<div class=\"imais-before-content-placement\" id=\"imais-2635739160\"><script async src=\"\/\/pagead2.googlesyndication.com\/pagead\/js\/adsbygoogle.js?client=ca-pub-8787528412751566\" crossorigin=\"anonymous\"><\/script><ins class=\"adsbygoogle\" style=\"display:block;\" data-ad-client=\"ca-pub-8787528412751566\" \ndata-ad-slot=\"\" \ndata-ad-format=\"auto\"><\/ins>\n<script> \n(adsbygoogle = window.adsbygoogle || []).push({}); \n<\/script>\n<\/div>\n<p><em><small>Coleta passar\u00e1 a acontecer em dias ou hor\u00e1rios diferentes em 65 bairros do munic\u00edpio<\/small><\/em><\/p>\n\n\n\n<p>O novo calend\u00e1rio de coleta de lixo domiciliar de Indaiatuba come\u00e7a a valer a partir da pr\u00f3xima quarta-feira (12\/10), feriado do Dia da Padroeira do Brasil, Nossa Senhora Aparecida.&nbsp;&nbsp;A Secretaria de Servi\u00e7os Urbanos e Meio Ambiente avisa que os mun\u00edcipes devem ficar atentos porque a coleta acontecer\u00e1 em dias ou hor\u00e1rios diferentes em 65 bairros da cidade. A mudan\u00e7a \u00e9 necess\u00e1ria para atender o crescimento da cidade e adequar a presta\u00e7\u00e3o de servi\u00e7o \u00e0s necessidades da popula\u00e7\u00e3o.&nbsp;&nbsp;O novo cronograma j\u00e1 pode ser conferido no&nbsp;<a href=\"https:\/\/corpus.com.br\/coletaindaiatuba\/\">site da Prefeitura<\/a>.<\/p>\n\n\n\n<p>O secret\u00e1rio de Servi\u00e7os Urbanos, Guilherme Magnusson, justifica que Indaiatuba est\u00e1 crescendo e \u00e9 preciso atender os novos bairros que est\u00e3o se formando. \u201cA maioria das altera\u00e7\u00f5es \u00e9 referente ao turno em que a coleta \u00e9 feita, mas a frequ\u00eancia tamb\u00e9m precisou ser alterada em algumas localidades, por isso a popula\u00e7\u00e3o deve ficar atenta e consultar o novo calend\u00e1rio para n\u00e3o errar no dia de colocar o lixo para fora\u201d, ressaltou.<\/p>\n\n\n\n<p>A atualiza\u00e7\u00e3o do calend\u00e1rio de coleta domiciliar tamb\u00e9m considerou particularidades do tr\u00e2nsito nas diferentes regi\u00f5es da cidade. As \u00e1reas mais pr\u00f3ximas \u00e0 regi\u00e3o central, por exemplo, passar\u00e3o a contar com o servi\u00e7o somente ap\u00f3s \u00e0s 17h, para evitar congestionamentos e acidentes durante o dia, quando \u00e9 registrada uma maior movimenta\u00e7\u00e3o de pessoas e ve\u00edculos no local.<\/p>\n\n\n\n<p>A coleta no per\u00edodo diurno atender\u00e1 as regi\u00f5es mais perif\u00e9ricas e zonas rurais da cidade, pois s\u00e3o locais mais afastados, alguns bairros com ruas de dif\u00edcil acesso ou com estradas de terra, o que dificulta a passagem dos caminh\u00f5es compactadores.<\/p>\n\n\n\n<p>A recomenda\u00e7\u00e3o \u00e9 que o res\u00edduo dom\u00e9stico somente seja colocado nas cal\u00e7adas bem pr\u00f3ximo ao hor\u00e1rio do in\u00edcio de cada turno de coleta, que \u00e9 \u00e0s 6hs para o per\u00edodo diurno e \u00e0s 17h para o per\u00edodo noturno. A atitude colabora com o meio ambiente, considerando que o lixo mal embalado ou que fica muito tempo nas cal\u00e7adas pode ser espalhado por animais a procura de comida ou levado por \u00e1guas de chuvas, entupindo bueiros, contaminando galerias pluviais e poluindo rios e len\u00e7\u00f3is fre\u00e1ticos.<\/p>\n","protected":false},"excerpt":{"rendered":"<p>Coleta passar\u00e1 a acontecer em dias ou hor\u00e1rios diferentes em 65 bairros do munic\u00edpio O novo calend\u00e1rio de coleta de lixo domiciliar de Indaiatuba come\u00e7a a valer a partir da pr\u00f3xima quarta-feira (12\/10), feriado do Dia da Padroeira do Brasil, Nossa Senhora Aparecida.&nbsp;&nbsp;A Secretaria de Servi\u00e7os Urbanos e Meio Ambiente avisa que os mun\u00edcipes devem [&hellip;]<\/p>\n","protected":false},"author":8,"featured_media":9564,"comment_status":"closed","ping_status":"open","sticky":false,"template":"","format":"standard","meta":{"rop_custom_images_group":[],"rop_custom_messages_group":[],"rop_publish_now":"initial","rop_publish_now_accounts":[],"rop_publish_now_history":[],"rop_publish_now_status":"pending","footnotes":""},"categories":[188],"tags":[73],"class_list":["post-9563","post","type-post","status-publish","format-standard","has-post-thumbnail","hentry","category-indaiatuba","tag-featured"],"amp_enabled":true,"_links":{"self":[{"href":"https:\/\/imais.online\/portal\/wp-json\/wp\/v2\/posts\/9563","targetHints":{"allow":["GET"]}}],"collection":[{"href":"https:\/\/imais.online\/portal\/wp-json\/wp\/v2\/posts"}],"about":[{"href":"https:\/\/imais.online\/portal\/wp-json\/wp\/v2\/types\/post"}],"author":[{"embeddable":true,"href":"https:\/\/imais.online\/portal\/wp-json\/wp\/v2\/users\/8"}],"replies":[{"embeddable":true,"href":"https:\/\/imais.online\/portal\/wp-json\/wp\/v2\/comments?post=9563"}],"version-history":[{"count":1,"href":"https:\/\/imais.online\/portal\/wp-json\/wp\/v2\/posts\/9563\/revisions"}],"predecessor-version":[{"id":9565,"href":"https:\/\/imais.online\/portal\/wp-json\/wp\/v2\/posts\/9563\/revisions\/9565"}],"wp:featuredmedia":[{"embeddable":true,"href":"https:\/\/imais.online\/portal\/wp-json\/wp\/v2\/media\/9564"}],"wp:attachment":[{"href":"https:\/\/imais.online\/portal\/wp-json\/wp\/v2\/media?parent=9563"}],"wp:term":[{"taxonomy":"category","embeddable":true,"href":"https:\/\/imais.online\/portal\/wp-json\/wp\/v2\/categories?post=9563"},{"taxonomy":"post_tag","embeddable":true,"href":"https:\/\/imais.online\/portal\/wp-json\/wp\/v2\/tags?post=9563"}],"curies":[{"name":"wp","href":"https:\/\/api.w.org\/{rel}","templated":true}]}}