{"id":9566,"date":"2022-10-06T10:33:33","date_gmt":"2022-10-06T13:33:33","guid":{"rendered":"https:\/\/imais.online\/portal\/?p=9566"},"modified":"2022-10-06T10:33:35","modified_gmt":"2022-10-06T13:33:35","slug":"prefeitura-prepara-atracoes-para-comemorar-o-quinto-aniversario-do-parque-da-crianca","status":"publish","type":"post","link":"https:\/\/imais.online\/portal\/prefeitura-prepara-atracoes-para-comemorar-o-quinto-aniversario-do-parque-da-crianca\/","title":{"rendered":"Prefeitura prepara atra\u00e7\u00f5es para comemorar o quinto anivers\u00e1rio do Parque da Crian\u00e7a"},"content":{"rendered":"<div class=\"imais-before-content-placement\" id=\"imais-1229593150\"><script async src=\"\/\/pagead2.googlesyndication.com\/pagead\/js\/adsbygoogle.js?client=ca-pub-8787528412751566\" crossorigin=\"anonymous\"><\/script><ins class=\"adsbygoogle\" style=\"display:block;\" data-ad-client=\"ca-pub-8787528412751566\" \ndata-ad-slot=\"\" \ndata-ad-format=\"auto\"><\/ins>\n<script> \n(adsbygoogle = window.adsbygoogle || []).push({}); \n<\/script>\n<\/div>\n<p><em><small>No Dia das Crian\u00e7as (12\/10) o espa\u00e7o receber\u00e1 projeto Biblioteca Itinerante, personagens e recreadores<\/small><\/em><\/p>\n\n\n\n<p>Outubro \u00e9 o m\u00eas de anivers\u00e1rio do Parque da Crian\u00e7a. O espa\u00e7o inaugurado em 2017 completa cinco anos na pr\u00f3xima semana e a Secretaria de Servi\u00e7os Urbanos e Meio Ambiente, em parceria com a Secretaria de Cultura, est\u00e1 preparando uma grande festa para o dia 12, aproveitando o Dia das Crian\u00e7as e o feriado da Padroeira do Brasil.&nbsp;&nbsp;A Biblioteca Itinerante, personagens e recreadores comandar\u00e3o a divers\u00e3o da garotada com atividades e brincadeiras no local, das 9h \u00e0s 13h. O evento \u00e9 gratuito e encerra a programa\u00e7\u00e3o itinerante do projeto Dia de Brincar, coordenado pela Secretaria da Cultura para comemorar o M\u00eas das Crian\u00e7as.<\/p>\n\n\n\n<p>As atra\u00e7\u00f5es da \u00e1rea seca do Parque e a lanchonete funcionam de quarta-feira a domingo, das 8h \u00e0s 18h. Para quem pretende se divertir no Parque Aqu\u00e1tico \u00e9 preciso se cadastrar e agendar as visitas pelo site da Prefeitura. O hor\u00e1rio de funcionamento das piscinas \u00e9 das 9h \u00e0s 12h e das 13h30 \u00e0s 16h30, tamb\u00e9m de quarta a domingo.<\/p>\n\n\n\n<p><a href=\"https:\/\/www.indaiatuba.sp.gov.br\/parque-da-crianca\/\">+ Agende sua visita aqui.<\/a><\/p>\n\n\n\n<p>A parte molhada traz como a principal atra\u00e7\u00e3o um tobo\u00e1gua de 60 metros de comprimento. Para os menores, o sistema de lazer oferece uma l\u00e2mina de \u00e1gua repleta de esguichos, escorregadores em formato de animais e chuveir\u00f5es por todos os lados. Os visitantes t\u00eam a sua disposi\u00e7\u00e3o banheiros, vesti\u00e1rios e arm\u00e1rios para guarda-volumes.<\/p>\n\n\n\n<p>Para o p\u00fablico que quer se divertir no playground seco, o acesso \u00e9 livre. Al\u00e9m dos brinquedos tem\u00e1ticos em fibra, no ano passado a Secretaria de Servi\u00e7os Urbanos instalou uma nova pra\u00e7a de brincadeiras para a reabertura do Parque ap\u00f3s a flexibiliza\u00e7\u00e3o da pandemia de Covid-19.<\/p>\n\n\n\n<p>Na \u00e1rea seca tamb\u00e9m est\u00e3o instalados 12 quiosques com mesas e bancos para piquenique e um labirinto verde. A lanchonete fica nessa \u00e1rea e \u00e9 administrada no modelo de concess\u00e3o.<\/p>\n\n\n\n<p>O Parque da Crian\u00e7a disponibiliza um estacionamento gratuito com capacidade para 100 ve\u00edculos.<\/p>\n","protected":false},"excerpt":{"rendered":"<p>No Dia das Crian\u00e7as (12\/10) o espa\u00e7o receber\u00e1 projeto Biblioteca Itinerante, personagens e recreadores Outubro \u00e9 o m\u00eas de anivers\u00e1rio do Parque da Crian\u00e7a. O espa\u00e7o inaugurado em 2017 completa cinco anos na pr\u00f3xima semana e a Secretaria de Servi\u00e7os Urbanos e Meio Ambiente, em parceria com a Secretaria de Cultura, est\u00e1 preparando uma grande [&hellip;]<\/p>\n","protected":false},"author":8,"featured_media":9568,"comment_status":"closed","ping_status":"open","sticky":false,"template":"","format":"standard","meta":{"rop_custom_images_group":[],"rop_custom_messages_group":[],"rop_publish_now":"initial","rop_publish_now_accounts":[],"rop_publish_now_history":[],"rop_publish_now_status":"pending","footnotes":""},"categories":[188],"tags":[],"class_list":["post-9566","post","type-post","status-publish","format-standard","has-post-thumbnail","hentry","category-indaiatuba"],"amp_enabled":true,"_links":{"self":[{"href":"https:\/\/imais.online\/portal\/wp-json\/wp\/v2\/posts\/9566","targetHints":{"allow":["GET"]}}],"collection":[{"href":"https:\/\/imais.online\/portal\/wp-json\/wp\/v2\/posts"}],"about":[{"href":"https:\/\/imais.online\/portal\/wp-json\/wp\/v2\/types\/post"}],"author":[{"embeddable":true,"href":"https:\/\/imais.online\/portal\/wp-json\/wp\/v2\/users\/8"}],"replies":[{"embeddable":true,"href":"https:\/\/imais.online\/portal\/wp-json\/wp\/v2\/comments?post=9566"}],"version-history":[{"count":1,"href":"https:\/\/imais.online\/portal\/wp-json\/wp\/v2\/posts\/9566\/revisions"}],"predecessor-version":[{"id":9569,"href":"https:\/\/imais.online\/portal\/wp-json\/wp\/v2\/posts\/9566\/revisions\/9569"}],"wp:featuredmedia":[{"embeddable":true,"href":"https:\/\/imais.online\/portal\/wp-json\/wp\/v2\/media\/9568"}],"wp:attachment":[{"href":"https:\/\/imais.online\/portal\/wp-json\/wp\/v2\/media?parent=9566"}],"wp:term":[{"taxonomy":"category","embeddable":true,"href":"https:\/\/imais.online\/portal\/wp-json\/wp\/v2\/categories?post=9566"},{"taxonomy":"post_tag","embeddable":true,"href":"https:\/\/imais.online\/portal\/wp-json\/wp\/v2\/tags?post=9566"}],"curies":[{"name":"wp","href":"https:\/\/api.w.org\/{rel}","templated":true}]}}