{"id":9578,"date":"2022-10-07T10:12:13","date_gmt":"2022-10-07T13:12:13","guid":{"rendered":"https:\/\/imais.online\/portal\/?p=9578"},"modified":"2022-10-07T10:12:15","modified_gmt":"2022-10-07T13:12:15","slug":"camerata-filarmonica-e-villa-lobos-apresentam-concertos-em-comemoracao-ao-dia-das-criancas","status":"publish","type":"post","link":"https:\/\/imais.online\/portal\/camerata-filarmonica-e-villa-lobos-apresentam-concertos-em-comemoracao-ao-dia-das-criancas\/","title":{"rendered":"Camerata Filarm\u00f4nica e Villa-Lobos apresentam concertos em comemora\u00e7\u00e3o ao Dia das Crian\u00e7as"},"content":{"rendered":"<div class=\"imais-before-content-placement\" id=\"imais-237389908\"><script async src=\"\/\/pagead2.googlesyndication.com\/pagead\/js\/adsbygoogle.js?client=ca-pub-8787528412751566\" crossorigin=\"anonymous\"><\/script><ins class=\"adsbygoogle\" style=\"display:block;\" data-ad-client=\"ca-pub-8787528412751566\" \ndata-ad-slot=\"\" \ndata-ad-format=\"auto\"><\/ins>\n<script> \n(adsbygoogle = window.adsbygoogle || []).push({}); \n<\/script>\n<\/div>\n<p><em><small>Apresenta\u00e7\u00f5es acontecem neste final de semana, dias 8 e 9 de outubro, com entrada franca<\/small><\/em><\/p>\n\n\n\n<p>A Camerata Filarm\u00f4nica de Indaiatuba (ACAFI) e a Corpora\u00e7\u00e3o Musical Villa-Lobos apresentam neste final de semana concertos em comemora\u00e7\u00e3o ao Dia das Crian\u00e7as. No s\u00e1bado, dia 8, no Bosque do Saber, a Camerata traz&nbsp;<em>Pedro, o Menino que Aprendeu o Mundo<\/em>, com conta\u00e7\u00e3o de hist\u00f3ria do livro de mesmo nome, de autoria de Rafael Vicole. J\u00e1 a Villa-Lobos \u00e9 atra\u00e7\u00e3o no domingo, dia 9, na Esta\u00e7\u00e3o Musical, com o concerto&nbsp;<em>Cine Kids<\/em>, com trilhas sonoras do cinema. As apresenta\u00e7\u00f5es t\u00eam entrada franca. A iniciativa \u00e9 da Prefeitura de Indaiatuba, por meio da Secretaria Municipal de Cultura.<\/p>\n\n\n\n<p>A apresenta\u00e7\u00e3o da Camerata leva o t\u00edtulo de&nbsp;<em>Conto Musical&nbsp;<\/em>e integra a programa\u00e7\u00e3o art\u00edstica do Projeto Camerata Comunidade, com o Grupo de Professores, e ter\u00e1 a participa\u00e7\u00e3o do autor e compositor Rafael Vicole, que far\u00e1 a conta\u00e7\u00e3o de hist\u00f3ria de seu livro,&nbsp;<em>Pedro, o Menino que Aprendeu o Mundo<\/em>.<\/p>\n\n\n\n<p>O concerto conta com dire\u00e7\u00e3o art\u00edstica e reg\u00eancia de Nat\u00e1lia Laranjeira, coordena\u00e7\u00e3o pedag\u00f3gica de Sabrina Passarelli, narra\u00e7\u00e3o de Rafael Vicole e a participa\u00e7\u00e3o do Grupo de Professores, formado por David Fran\u00e7a, Claudia Carolyne e Sarah Genkawa nos violinos e Sabrina Passarelli no violoncelo.<\/p>\n\n\n\n<p><img decoding=\"async\" src=\"blob:https:\/\/imais.online\/ef47dfc5-63dd-4006-b9e2-ca7ac58f98a8\"><em>Grupo de Professores do Projeto Camerata Comunidade \u00e9 atra\u00e7\u00e3o no dia 8<\/em><\/p>\n\n\n\n<p>A Corpora\u00e7\u00e3o Musical Villa-Lobos traz um concerto especial para o Dia das Crian\u00e7as, com trilhas de alguns dos filmes mais conhecidos de todos os tempos. No repert\u00f3rio, trechos de&nbsp;<em>O Senhor dos An\u00e9is<\/em>,&nbsp;<em>Pokem\u00f3n<\/em>,&nbsp;<em>Pixar Movie Magic&nbsp;<\/em>(com trechos de trilhas de&nbsp;<em>Toy Story<\/em>,&nbsp;<em>Up \u2013 Altas Aventuras<\/em>,&nbsp;<em>Ratatouille<\/em>,&nbsp;<em>Os Incr\u00edveis<\/em>, entre outros),&nbsp;<em>Piratas do Caribe<\/em>,&nbsp;<em>Viva \u2013 A Vida \u00e9 uma Festa<\/em>&nbsp;(<em>Remember Me<\/em>),&nbsp;<em>Jurassic Park<\/em>,&nbsp;<em>Minions&nbsp;<\/em>(<em>Happy<\/em>),&nbsp;<em>Capit\u00e3o Am\u00e9rica<\/em>,&nbsp;<em>Bravo Brass<\/em>,&nbsp;<em>Fantasy Adventure At The Movies&nbsp;<\/em>(com trechos de&nbsp;<em>Star Trek<\/em>,&nbsp;<em>De Volta para o Futuro<\/em>,&nbsp;<em>E.T. \u2013 O Extraterrestre<\/em>, entre outros),&nbsp;<em>Ca\u00e7a-Fantasmas<\/em>,&nbsp;<em>Pantera Negra<\/em>,&nbsp;<em>Os Vingadores&nbsp;<\/em>e outras surpresas.<\/p>\n\n\n\n<p>O concerto reunir\u00e1 as Bandas Jovem e Sinf\u00f4nica da Villa-Lobos, sob reg\u00eancia do maestro Samuel Nascimento.<\/p>\n\n\n\n<p><strong><em>Conto Musical com Pedro, o Menino que Aprendeu o Mundo<br><\/em><\/strong><strong>Com<\/strong>: Camerata Filarm\u00f4nica de Indaiatuba<br><strong>Data<\/strong>: 8 de outubro<br><strong>Hor\u00e1rio<\/strong>: 15 horas<br><strong>Local<\/strong>: Audit\u00f3rio do Bosque do Saber&nbsp;<br><strong>Endere\u00e7o<\/strong>: Rua Jo\u00e3o Batista D&#8217;Alessandro, 610, Jardim do Sol&nbsp;<br><strong>Entrada gratuita<\/strong><\/p>\n\n\n\n<p><strong><em>Cine Kids<br><\/em><\/strong><strong>Com<\/strong>: Corpora\u00e7\u00e3o Musical Villa-Lobos<br><strong>Data<\/strong>: 9 de outubro<br><strong>Hor\u00e1rio<\/strong>: 10h30<br><strong>Local<\/strong>: Esta\u00e7\u00e3o Musical<br><strong>Endere\u00e7o<\/strong>: Rua Conven\u00e7\u00e3o, 1, Jardim Pompeia<br><strong>Entrada gratuita<\/strong><\/p>\n","protected":false},"excerpt":{"rendered":"<p>Apresenta\u00e7\u00f5es acontecem neste final de semana, dias 8 e 9 de outubro, com entrada franca A Camerata Filarm\u00f4nica de Indaiatuba (ACAFI) e a Corpora\u00e7\u00e3o Musical Villa-Lobos apresentam neste final de semana concertos em comemora\u00e7\u00e3o ao Dia das Crian\u00e7as. No s\u00e1bado, dia 8, no Bosque do Saber, a Camerata traz&nbsp;Pedro, o Menino que Aprendeu o Mundo, [&hellip;]<\/p>\n","protected":false},"author":8,"featured_media":9579,"comment_status":"closed","ping_status":"open","sticky":false,"template":"","format":"standard","meta":{"rop_custom_images_group":[],"rop_custom_messages_group":[],"rop_publish_now":"initial","rop_publish_now_accounts":[],"rop_publish_now_history":[],"rop_publish_now_status":"pending","footnotes":""},"categories":[188],"tags":[],"class_list":["post-9578","post","type-post","status-publish","format-standard","has-post-thumbnail","hentry","category-indaiatuba"],"amp_enabled":true,"_links":{"self":[{"href":"https:\/\/imais.online\/portal\/wp-json\/wp\/v2\/posts\/9578","targetHints":{"allow":["GET"]}}],"collection":[{"href":"https:\/\/imais.online\/portal\/wp-json\/wp\/v2\/posts"}],"about":[{"href":"https:\/\/imais.online\/portal\/wp-json\/wp\/v2\/types\/post"}],"author":[{"embeddable":true,"href":"https:\/\/imais.online\/portal\/wp-json\/wp\/v2\/users\/8"}],"replies":[{"embeddable":true,"href":"https:\/\/imais.online\/portal\/wp-json\/wp\/v2\/comments?post=9578"}],"version-history":[{"count":1,"href":"https:\/\/imais.online\/portal\/wp-json\/wp\/v2\/posts\/9578\/revisions"}],"predecessor-version":[{"id":9580,"href":"https:\/\/imais.online\/portal\/wp-json\/wp\/v2\/posts\/9578\/revisions\/9580"}],"wp:featuredmedia":[{"embeddable":true,"href":"https:\/\/imais.online\/portal\/wp-json\/wp\/v2\/media\/9579"}],"wp:attachment":[{"href":"https:\/\/imais.online\/portal\/wp-json\/wp\/v2\/media?parent=9578"}],"wp:term":[{"taxonomy":"category","embeddable":true,"href":"https:\/\/imais.online\/portal\/wp-json\/wp\/v2\/categories?post=9578"},{"taxonomy":"post_tag","embeddable":true,"href":"https:\/\/imais.online\/portal\/wp-json\/wp\/v2\/tags?post=9578"}],"curies":[{"name":"wp","href":"https:\/\/api.w.org\/{rel}","templated":true}]}}