{"id":9581,"date":"2022-10-07T10:29:48","date_gmt":"2022-10-07T13:29:48","guid":{"rendered":"https:\/\/imais.online\/portal\/?p=9581"},"modified":"2022-10-07T10:29:50","modified_gmt":"2022-10-07T13:29:50","slug":"secretaria-de-saude-promove-outubro-rosa-em-todas-as-unidades-de-saude-do-municipio","status":"publish","type":"post","link":"https:\/\/imais.online\/portal\/secretaria-de-saude-promove-outubro-rosa-em-todas-as-unidades-de-saude-do-municipio\/","title":{"rendered":"Secretaria de Sa\u00fade promove Outubro Rosa em todas as unidades de sa\u00fade do munic\u00edpio"},"content":{"rendered":"<div class=\"imais-before-content-placement\" id=\"imais-2956280405\"><script async src=\"\/\/pagead2.googlesyndication.com\/pagead\/js\/adsbygoogle.js?client=ca-pub-8787528412751566\" crossorigin=\"anonymous\"><\/script><ins class=\"adsbygoogle\" style=\"display:block;\" data-ad-client=\"ca-pub-8787528412751566\" \ndata-ad-slot=\"\" \ndata-ad-format=\"auto\"><\/ins>\n<script> \n(adsbygoogle = window.adsbygoogle || []).push({}); \n<\/script>\n<\/div>\n<p><em><small>Em 15 de outubro a\u00e7\u00e3o no Espa\u00e7o Viber abordar\u00e1 o tema do autocuidado e da import\u00e2ncia dos exames peri\u00f3dicos<\/small><\/em><\/p>\n\n\n\n<p>A Prefeitura de Indaiatuba por meio da Secretaria Municipal de Sa\u00fade divulgou nesta quinta-feira (6), as atividades que ser\u00e3o realizadas em comemora\u00e7\u00e3o ao Outubro Rosa, m\u00eas de conscientiza\u00e7\u00e3o e preven\u00e7\u00e3o ao c\u00e2ncer de mama e o c\u00e2ncer de colo uterino. Durante todo o m\u00eas, todas as unidades b\u00e1sicas de sa\u00fade do munic\u00edpio estar\u00e3o com atividades espec\u00edficas voltadas \u00e0 promo\u00e7\u00e3o da sa\u00fade da mulher, incluindo a realiza\u00e7\u00e3o de exames como mamografia e o teste do HPV.<\/p>\n\n\n\n<p>Durante este m\u00eas, as 17 UBS de Indaiatuba contar\u00e3o com rodas de conversas com profissionais de sa\u00fade, informando a import\u00e2ncia de se atentar \u00e0 sa\u00fade da mulher, palestras, workshops, atividades ao ar livre, solicita\u00e7\u00e3o de novos exames entre eles, a mamografia e o teste do HPV.<\/p>\n\n\n\n<p>Cada unidade de sa\u00fade ter\u00e1 sua pr\u00f3pria programa\u00e7\u00e3o interna, que ser\u00e1 divulgada atrav\u00e9s de cartazes na recep\u00e7\u00e3o das unidades. A Secretaria de Sa\u00fade pede para que as pessoas procurem sua unidade de refer\u00eancia para ter acesso ao calend\u00e1rio espec\u00edfico das atividades daquela unidade.<\/p>\n\n\n\n<p>No dia 15 de outubro tamb\u00e9m haver\u00e1 uma a\u00e7\u00e3o espec\u00edfica no Espa\u00e7o Viber, organizada pela Secretaria de Sa\u00fade em parceria com Volacc, Rotary e ADVI das 13h \u00e0s 19h. Diversas atividades voltadas para a sa\u00fade da mulher ser\u00e3o propostas como: atra\u00e7\u00f5es musicais, palestras, mamografias, vacina\u00e7\u00e3o, doa\u00e7\u00e3o de cabelos e desfile de mulheres. O evento \u00e9 gratuito e tamb\u00e9m contar\u00e1 com uma \u00e1rea de alimenta\u00e7\u00e3o.<\/p>\n\n\n\n<p><strong>OUTUBRO ROSA<\/strong><br>O outubro Rosa \u00e9 uma campanha anual realizada mundialmente no m\u00eas de outubro, com a inten\u00e7\u00e3o de alertar a sociedade sobre o diagn\u00f3stico precoce do c\u00e2ncer de mama. A mobiliza\u00e7\u00e3o visa tamb\u00e9m \u00e0 dissemina\u00e7\u00e3o de dados preventivos e ressalta a import\u00e2ncia de olhar com aten\u00e7\u00e3o para a sa\u00fade, al\u00e9m de lutar por direitos como o atendimento m\u00e9dico e o suporte emocional, garantindo um tratamento de qualidade.<\/p>\n\n\n\n<p>O prefeito, Nilson Gaspar (MDB), afirmou que as a\u00e7\u00f5es que ser\u00e3o realizadas, visam encorajar as mulheres a se atentarem mais \u00e0s quest\u00f5es que envolvam \u00e0 sua pr\u00f3pria sa\u00fade. \u201cEste tema \u00e9 sempre muito importante para gente, n\u00f3s precisamos divulgar, que n\u00e3o \u00e9 apenas em outubro que as mulheres podem realizar os exames preventivos e identificar uma anormalidade, mas sim, em todos os per\u00edodos do ano. Esta campanha em Indaiatuba e em todo Brasil, encoraja as mulheres a tomarem a iniciativa previamente, visto que nos est\u00e1gios iniciais, o c\u00e2ncer \u00e9, muitas vezes, assintom\u00e1tico\u201d.<\/p>\n\n\n\n<p><strong>SOBRE O C\u00c2NCER DE MAMA<\/strong><\/p>\n\n\n\n<p>O c\u00e2ncer de mama \u00e9 um tumor maligno que ataca o tecido mam\u00e1rio e \u00e9 um dos tipos mais comuns, segundo o Instituto Nacional do C\u00e2ncer \u2013 INCA. Ele se desenvolve quando ocorre uma altera\u00e7\u00e3o de apenas alguns trechos das mol\u00e9culas de DNA, causando uma multiplica\u00e7\u00e3o das c\u00e9lulas anormais que geram o cisto.<\/p>\n\n\n\n<p>O INCA estima que para cada ano do tri\u00eanio 2020\/2022, sejam diagnosticados no Brasil 66.280 novos casos de c\u00e2ncer de mama, com um risco estimado de 61,61 casos a cada 100 mil mulheres Com uma taxa de 13,68 \u00f3bitos a cada 100 mil mulheres em 2015, a mortalidade por c\u00e2ncer de mama (ajustada pela popula\u00e7\u00e3o mundial) apresenta uma curva ascendente e representa a primeira causa de morte por c\u00e2ncer nas mulheres brasileiras. O Sul e o Sudeste s\u00e3o as regi\u00f5es que apresentam as maiores taxas de mortalidade, com 15,26 e 14,56 \u00f3bitos a cada 100 mil mulheres, respectivamente.<\/p>\n\n\n\n<p>A incid\u00eancia da doen\u00e7a aumenta em mulheres a partir dos 40 anos. Abaixo dessa faixa et\u00e1ria, a ocorr\u00eancia da doen\u00e7a \u00e9 menor, bem como sua mortalidade, tendo ocorrido menos de 10 \u00f3bitos a cada 100 mil mulheres. J\u00e1 a partir dos 60 anos o risco \u00e9 10 vezes maior.<\/p>\n\n\n\n<p><strong>A IMPORT\u00c2NCIA DA MAMOGRAFIA<\/strong><\/p>\n\n\n\n<p>Segundo o Instituto Oncoguia, diagnosticar o c\u00e2ncer precocemente aumenta significantemente as chances de cura, 95% dos casos identificados em est\u00e1gio inicial t\u00eam possibilidade de cura. Por isso, a mamografia \u00e9 imprescind\u00edvel, sendo o principal m\u00e9todo para o rastreamento da doen\u00e7a.<\/p>\n\n\n\n<p>De acordo com a Sociedade Brasileira de Mastologia (SBM) das 11,5 milh\u00f5es de mamografias que deveriam ter sido realizadas no ano passado, apenas 2,7 milh\u00f5es foram feitas. A diminui\u00e7\u00e3o acentuada do exame \u00e9 um fator de risco para milhares de mulheres e um alerta para a import\u00e2ncia da campanha.<\/p>\n\n\n\n<p>Segundo o INCA, \u00e9 poss\u00edvel reduzir em 28% o risco de uma mulher desenvolver c\u00e2ncer de mama a partir da ado\u00e7\u00e3o de alguns h\u00e1bitos. Entre eles est\u00e3o:<\/p>\n\n\n\n<p>&#8211; Praticar atividade f\u00edsica regularmente;<\/p>\n\n\n\n<p>&#8211; Alimentar-se de forma saud\u00e1vel;<\/p>\n\n\n\n<p>&#8211; N\u00e3o fumar;<\/p>\n\n\n\n<p>&#8211; Ter o peso corporal adequado;<\/p>\n\n\n\n<p>&#8211; N\u00e3o ingerir bebidas alco\u00f3licas;<\/p>\n\n\n\n<p>&#8211; Evitar uso de horm\u00f4nios sint\u00e9ticos em altas doses.<\/p>\n\n\n\n<p>Por isso, \u00e9 preciso que as mulheres conhe\u00e7am seu corpo e suas mamas, estejam atentas a qualquer altera\u00e7\u00e3o que possa indicar uma anormalidade e procurem um m\u00e9dico imediatamente caso identifiquem alguma suspeita Al\u00e9m disso, deve-se realizar os exames de mamografia periodicamente. O INCA afirma que a mortalidade da doen\u00e7a diminui em cerca de 20% nas mulheres entre 50 e 69 anos que realizam o exame a cada dois anos.<\/p>\n\n\n\n<p>A secret\u00e1ria de Sa\u00fade, Graziela Garcia, refor\u00e7ou a import\u00e2ncia das mulheres procurarem as equipes de sa\u00fade nas UBS especialmente este m\u00eas. \u201cDurante todo o ano em qualquer unidade b\u00e1sica de sa\u00fade, as equipes est\u00e3o realizando os diagn\u00f3sticos que identificam precocemente o c\u00e2ncer de mama e c\u00e2ncer de colo uterino, mas em outubro n\u00f3s pedimos essa aten\u00e7\u00e3o especial para que as mulheres busquem por uma unidade de sa\u00fade. Nossas equipes est\u00e3o esperando para realizar o atendimento, acolher e auxiliar no que for necess\u00e1rio, afinal o objetivo \u00e9 orientar da maneira correta as mulheres quanto a necessidade de serem realizados exames rotineiros. Esperamos atender muitas pessoas e que essas mulheres sejam multiplicadoras da informa\u00e7\u00e3o, encorajando outras mulheres a buscarem tamb\u00e9m por esse cuidado\u201d, ressaltou Garcia.<\/p>\n","protected":false},"excerpt":{"rendered":"<p>Em 15 de outubro a\u00e7\u00e3o no Espa\u00e7o Viber abordar\u00e1 o tema do autocuidado e da import\u00e2ncia dos exames peri\u00f3dicos A Prefeitura de Indaiatuba por meio da Secretaria Municipal de Sa\u00fade divulgou nesta quinta-feira (6), as atividades que ser\u00e3o realizadas em comemora\u00e7\u00e3o ao Outubro Rosa, m\u00eas de conscientiza\u00e7\u00e3o e preven\u00e7\u00e3o ao c\u00e2ncer de mama e o [&hellip;]<\/p>\n","protected":false},"author":8,"featured_media":9582,"comment_status":"closed","ping_status":"open","sticky":false,"template":"","format":"standard","meta":{"rop_custom_images_group":[],"rop_custom_messages_group":[],"rop_publish_now":"initial","rop_publish_now_accounts":[],"rop_publish_now_history":[],"rop_publish_now_status":"pending","footnotes":""},"categories":[188],"tags":[73],"class_list":["post-9581","post","type-post","status-publish","format-standard","has-post-thumbnail","hentry","category-indaiatuba","tag-featured"],"amp_enabled":true,"_links":{"self":[{"href":"https:\/\/imais.online\/portal\/wp-json\/wp\/v2\/posts\/9581","targetHints":{"allow":["GET"]}}],"collection":[{"href":"https:\/\/imais.online\/portal\/wp-json\/wp\/v2\/posts"}],"about":[{"href":"https:\/\/imais.online\/portal\/wp-json\/wp\/v2\/types\/post"}],"author":[{"embeddable":true,"href":"https:\/\/imais.online\/portal\/wp-json\/wp\/v2\/users\/8"}],"replies":[{"embeddable":true,"href":"https:\/\/imais.online\/portal\/wp-json\/wp\/v2\/comments?post=9581"}],"version-history":[{"count":1,"href":"https:\/\/imais.online\/portal\/wp-json\/wp\/v2\/posts\/9581\/revisions"}],"predecessor-version":[{"id":9583,"href":"https:\/\/imais.online\/portal\/wp-json\/wp\/v2\/posts\/9581\/revisions\/9583"}],"wp:featuredmedia":[{"embeddable":true,"href":"https:\/\/imais.online\/portal\/wp-json\/wp\/v2\/media\/9582"}],"wp:attachment":[{"href":"https:\/\/imais.online\/portal\/wp-json\/wp\/v2\/media?parent=9581"}],"wp:term":[{"taxonomy":"category","embeddable":true,"href":"https:\/\/imais.online\/portal\/wp-json\/wp\/v2\/categories?post=9581"},{"taxonomy":"post_tag","embeddable":true,"href":"https:\/\/imais.online\/portal\/wp-json\/wp\/v2\/tags?post=9581"}],"curies":[{"name":"wp","href":"https:\/\/api.w.org\/{rel}","templated":true}]}}