{"id":9599,"date":"2022-10-07T15:28:12","date_gmt":"2022-10-07T18:28:12","guid":{"rendered":"https:\/\/imais.online\/portal\/?p=9599"},"modified":"2022-10-07T15:28:29","modified_gmt":"2022-10-07T18:28:29","slug":"topazio-cinemas-realiza-pre-venda-de-ingressos-para-adao-negro","status":"publish","type":"post","link":"https:\/\/imais.online\/portal\/topazio-cinemas-realiza-pre-venda-de-ingressos-para-adao-negro\/","title":{"rendered":"Top\u00e1zio Cinemas realiza pr\u00e9-venda de ingressos para Ad\u00e3o Negro"},"content":{"rendered":"<div class=\"imais-before-content-placement\" id=\"imais-3232733943\"><script async src=\"\/\/pagead2.googlesyndication.com\/pagead\/js\/adsbygoogle.js?client=ca-pub-8787528412751566\" crossorigin=\"anonymous\"><\/script><ins class=\"adsbygoogle\" style=\"display:block;\" data-ad-client=\"ca-pub-8787528412751566\" \ndata-ad-slot=\"\" \ndata-ad-format=\"auto\"><\/ins>\n<script> \n(adsbygoogle = window.adsbygoogle || []).push({}); \n<\/script>\n<\/div>\n<p class=\"has-text-align-center\"><em>Indaiatuba integra o circuito de pr\u00e9-estreia mundial no dia 19 de outubro<\/em><\/p>\n\n\n\n<p>O Top\u00e1zio Cinemas de Indaiatuba liberou nesta quinta-feira, 6 de outubro, a pr\u00e9-venda de ingressos para <em>Ad\u00e3o Negro<\/em>. A nova aventura da DC \u00e9 estrelada por Dwayne Johnson, mais conhecido pelo p\u00fablico como The Rock.<\/p>\n\n\n\n<p>O primeiro longa-metragem a explorar a hist\u00f3ria do anti-her\u00f3i da DC com um senso \u00fanico de justi\u00e7a chega \u00e0s telonas este ano. Dotado dos poderes onipotentes dos deuses, Teth Adam ficou preso por 5.000 anos. Agora livre \u2013 e com sede de vingan\u00e7a \u2013 Ad\u00e3o Negro exerce seu senso \u00fanico de justi\u00e7a nascido da raiva. Recusando-se a se render, o anti-her\u00f3i que passou de homem, mito e lenda, \u00e9 desafiado pelos her\u00f3is modernos da Sociedade da Justi\u00e7a: Gavi\u00e3o Negro, Sr. Destino, Esmaga-\u00c1tomo e Cyclone.<\/p>\n\n\n\n<figure class=\"wp-block-image size-large\"><img loading=\"lazy\" decoding=\"async\" width=\"697\" height=\"1024\" src=\"https:\/\/imais.online\/portal\/wp-content\/uploads\/2022\/10\/adao-negro-poster29348-697x1024.jpg\" alt=\"\" class=\"wp-image-9601\" srcset=\"https:\/\/imais.online\/portal\/wp-content\/uploads\/2022\/10\/adao-negro-poster29348-697x1024.jpg 697w, https:\/\/imais.online\/portal\/wp-content\/uploads\/2022\/10\/adao-negro-poster29348-204x300.jpg 204w, https:\/\/imais.online\/portal\/wp-content\/uploads\/2022\/10\/adao-negro-poster29348.jpg 766w\" sizes=\"auto, (max-width: 697px) 100vw, 697px\" \/><\/figure>\n\n\n\n<p>Al\u00e9m de The Rock, o elenco conta ainda com Aldis Hodge, Noah Centineo, Sarah Shahi e Pierce Brosnan. A dire\u00e7\u00e3o \u00e9 de Jaume Collet-Serra, de <em>\u00c1guas Rasas<\/em>.<\/p>\n\n\n\n<p>O Top\u00e1zio Cinemas integra o circuito de pr\u00e9-estreia mundial marcado para o dia 19 de outubro. A programa\u00e7\u00e3o geral conta com sess\u00f5es legendadas e dubladas, na sala VIP do Polo Shopping, na sala Comfort do Shopping Jaragu\u00e1 e tamb\u00e9m em salas convencionais das duas unidades.<\/p>\n\n\n\n<p>Os ingressos podem ser adquiridos na compra online pelo site <a href=\"http:\/\/www.topaziocinemas.com.br\">www.topaziocinemas.com.br<\/a> ou pelo aplicativo. Tamb\u00e9m \u00e9 poss\u00edvel realizar a compra nas bilheterias f\u00edsicas do Top\u00e1zio Cinemas e nos totens de autoatendimento.<\/p>\n\n\n\n<p><strong>Sobre o Top\u00e1zio Cinemas<\/strong><\/p>\n\n\n\n<p>Fundado em 1963 e reinaugurado em 1993, o Grupo Top\u00e1zio Cinemas atua no mercado de exibi\u00e7\u00e3o cinematogr\u00e1fica na cidade de Indaiatuba, interior do estado de S\u00e3o Paulo. Atualmente o cinema est\u00e1 dividido em dois complexos, sendo um de 4 salas, localizado no Shopping Jaragu\u00e1, e outro de 5 salas, no Polo Shopping.<\/p>\n\n\n\n<p>Com o cuidado de manter uma programa\u00e7\u00e3o atual, diversificada e que atenda a todos os p\u00fablicos, o Top\u00e1zio Cinemas prioriza a qualidade em atendimento, infraestrutura, produtos e tecnologia para oferecer a cada cliente uma experi\u00eancia \u00fanica, satisfat\u00f3ria e m\u00e1gica. Dessa forma segue sendo refer\u00eancia no setor de exibi\u00e7\u00e3o na regi\u00e3o.<\/p>\n\n\n\n<p><strong><u>SERVI\u00c7O<\/u><\/strong><\/p>\n\n\n\n<p>Pr\u00e9-venda de ingressos para <em>Ad\u00e3o Negro <\/em>(aventura \u2013 125 minutos \u2013 14 anos \u2013 Estados Unidos)<\/p>\n\n\n\n<p>Data: a partir de 6 de outubro<\/p>\n\n\n\n<p>Pr\u00e9-estreia mundial: 19 de outubro<\/p>\n\n\n\n<p>Lan\u00e7amento nacional: 20 de outubro<\/p>\n\n\n\n<p>Elenco: Dwayne Johnson, Aldis Hodge, Noah Centineo, Sarah Shahi e Pierce Brosnan<\/p>\n\n\n\n<p>Dire\u00e7\u00e3o: Jaume Collet-Serra<\/p>\n","protected":false},"excerpt":{"rendered":"<p>Indaiatuba integra o circuito de pr\u00e9-estreia mundial no dia 19 de outubro O Top\u00e1zio Cinemas de Indaiatuba liberou nesta quinta-feira, 6 de outubro, a pr\u00e9-venda de ingressos para Ad\u00e3o Negro. A nova aventura da DC \u00e9 estrelada por Dwayne Johnson, mais conhecido pelo p\u00fablico como The Rock. O primeiro longa-metragem a explorar a hist\u00f3ria do [&hellip;]<\/p>\n","protected":false},"author":6,"featured_media":9600,"comment_status":"closed","ping_status":"open","sticky":false,"template":"","format":"standard","meta":{"rop_custom_images_group":[],"rop_custom_messages_group":[],"rop_publish_now":"initial","rop_publish_now_accounts":[],"rop_publish_now_history":[],"rop_publish_now_status":"pending","footnotes":""},"categories":[188],"tags":[],"class_list":["post-9599","post","type-post","status-publish","format-standard","has-post-thumbnail","hentry","category-indaiatuba"],"amp_enabled":true,"_links":{"self":[{"href":"https:\/\/imais.online\/portal\/wp-json\/wp\/v2\/posts\/9599","targetHints":{"allow":["GET"]}}],"collection":[{"href":"https:\/\/imais.online\/portal\/wp-json\/wp\/v2\/posts"}],"about":[{"href":"https:\/\/imais.online\/portal\/wp-json\/wp\/v2\/types\/post"}],"author":[{"embeddable":true,"href":"https:\/\/imais.online\/portal\/wp-json\/wp\/v2\/users\/6"}],"replies":[{"embeddable":true,"href":"https:\/\/imais.online\/portal\/wp-json\/wp\/v2\/comments?post=9599"}],"version-history":[{"count":1,"href":"https:\/\/imais.online\/portal\/wp-json\/wp\/v2\/posts\/9599\/revisions"}],"predecessor-version":[{"id":9602,"href":"https:\/\/imais.online\/portal\/wp-json\/wp\/v2\/posts\/9599\/revisions\/9602"}],"wp:featuredmedia":[{"embeddable":true,"href":"https:\/\/imais.online\/portal\/wp-json\/wp\/v2\/media\/9600"}],"wp:attachment":[{"href":"https:\/\/imais.online\/portal\/wp-json\/wp\/v2\/media?parent=9599"}],"wp:term":[{"taxonomy":"category","embeddable":true,"href":"https:\/\/imais.online\/portal\/wp-json\/wp\/v2\/categories?post=9599"},{"taxonomy":"post_tag","embeddable":true,"href":"https:\/\/imais.online\/portal\/wp-json\/wp\/v2\/tags?post=9599"}],"curies":[{"name":"wp","href":"https:\/\/api.w.org\/{rel}","templated":true}]}}