{"id":962,"date":"2021-08-25T10:32:29","date_gmt":"2021-08-25T13:32:29","guid":{"rendered":"https:\/\/imais.online\/portal\/?p=962"},"modified":"2021-08-25T10:32:31","modified_gmt":"2021-08-25T13:32:31","slug":"inss-muda-cadastro-e-ator-jose-de-abreu-fica-sem-aposentadoria","status":"publish","type":"post","link":"https:\/\/imais.online\/portal\/inss-muda-cadastro-e-ator-jose-de-abreu-fica-sem-aposentadoria\/","title":{"rendered":"INSS muda cadastro, e ator Jos\u00e9 de Abreu fica sem aposentadoria"},"content":{"rendered":"<div class=\"imais-before-content-placement\" id=\"imais-3277128865\"><script async src=\"\/\/pagead2.googlesyndication.com\/pagead\/js\/adsbygoogle.js?client=ca-pub-8787528412751566\" crossorigin=\"anonymous\"><\/script><ins class=\"adsbygoogle\" style=\"display:block;\" data-ad-client=\"ca-pub-8787528412751566\" \ndata-ad-slot=\"\" \ndata-ad-format=\"auto\"><\/ins>\n<script> \n(adsbygoogle = window.adsbygoogle || []).push({}); \n<\/script>\n<\/div>\n<p class=\"has-text-align-center\">O artista deixou de receber valores entre novembro de 2019 a mar\u00e7o de 2021<\/p>\n\n\n\n<p>O ator Jos\u00e9 de Abreu est\u00e1 em uma batalha para regularizar sua situa\u00e7\u00e3o no INSS. Ele est\u00e1 aposentado desde junho de 2011 e recebia regularmente sua aposentadoria at\u00e9 que, no final de 2019, houve uma mudan\u00e7a. As informa\u00e7\u00f5es s\u00e3o do colunista Ancelmo Gois, do jornal O Globo.<\/p>\n\n\n\n<p>O artista, de 75 anos, acionou a Justi\u00e7a Federal do Rio. Na a\u00e7\u00e3o, ele alega que \u201csem qualquer solicita\u00e7\u00e3o ou motiva\u00e7\u00e3o\u201d, a conta para dep\u00f3sito do benef\u00edcio foi alterada de uma ag\u00eancia no Rio para uma em Nova Igua\u00e7u.<\/p>\n\n\n\n<p>Apesar da abertura de procedimentos administrativos, o problema de Jos\u00e9 n\u00e3o foi solucionado. Por causa da mudan\u00e7a da conta banc\u00e1ria, a aposentadoria passou a ser estornada pelo INSS. O ator teve que recorrer ao Judici\u00e1rio em maio deste ano.<\/p>\n\n\n\n<p>Em documentos anexados ao processo, consta que ele deixou de receber os valores entre novembro de 2019 a mar\u00e7o de 2021, sem contar o 13\u00ba sal\u00e1rio.<\/p>\n\n\n\n<p>\u2013 Ap\u00f3s haver insist\u00eancia do ator tanto no banco quanto no INSS, um servidor do INSS informou-lhe de que, se quisesse receber, bem poderia entrar na Justi\u00e7a. Vale ressaltar que o ator buscou por diversas vezes o INSS e, simultaneamente, o banco para tratar da quest\u00e3o \u2013 explicou o escrit\u00f3rio de advocacia que representa o ator.<\/p>\n\n\n\n<p>Em uma peti\u00e7\u00e3o recente, a defesa de Jos\u00e9 de Abreu informou que os dep\u00f3sitos voltaram a ser feitos na conta correta, mas ainda resta o estorno do que n\u00e3o foi recebido.<\/p>\n","protected":false},"excerpt":{"rendered":"<p>O artista deixou de receber valores entre novembro de 2019 a mar\u00e7o de 2021 O ator Jos\u00e9 de Abreu est\u00e1 em uma batalha para regularizar sua situa\u00e7\u00e3o no INSS. Ele est\u00e1 aposentado desde junho de 2011 e recebia regularmente sua aposentadoria at\u00e9 que, no final de 2019, houve uma mudan\u00e7a. As informa\u00e7\u00f5es s\u00e3o do colunista [&hellip;]<\/p>\n","protected":false},"author":8,"featured_media":963,"comment_status":"closed","ping_status":"open","sticky":false,"template":"","format":"standard","meta":{"rop_custom_images_group":[],"rop_custom_messages_group":[],"rop_publish_now":"initial","rop_publish_now_accounts":[],"rop_publish_now_history":[],"rop_publish_now_status":"pending","footnotes":""},"categories":[16],"tags":[],"class_list":["post-962","post","type-post","status-publish","format-standard","has-post-thumbnail","hentry","category-entertainment"],"amp_enabled":true,"_links":{"self":[{"href":"https:\/\/imais.online\/portal\/wp-json\/wp\/v2\/posts\/962","targetHints":{"allow":["GET"]}}],"collection":[{"href":"https:\/\/imais.online\/portal\/wp-json\/wp\/v2\/posts"}],"about":[{"href":"https:\/\/imais.online\/portal\/wp-json\/wp\/v2\/types\/post"}],"author":[{"embeddable":true,"href":"https:\/\/imais.online\/portal\/wp-json\/wp\/v2\/users\/8"}],"replies":[{"embeddable":true,"href":"https:\/\/imais.online\/portal\/wp-json\/wp\/v2\/comments?post=962"}],"version-history":[{"count":1,"href":"https:\/\/imais.online\/portal\/wp-json\/wp\/v2\/posts\/962\/revisions"}],"predecessor-version":[{"id":964,"href":"https:\/\/imais.online\/portal\/wp-json\/wp\/v2\/posts\/962\/revisions\/964"}],"wp:featuredmedia":[{"embeddable":true,"href":"https:\/\/imais.online\/portal\/wp-json\/wp\/v2\/media\/963"}],"wp:attachment":[{"href":"https:\/\/imais.online\/portal\/wp-json\/wp\/v2\/media?parent=962"}],"wp:term":[{"taxonomy":"category","embeddable":true,"href":"https:\/\/imais.online\/portal\/wp-json\/wp\/v2\/categories?post=962"},{"taxonomy":"post_tag","embeddable":true,"href":"https:\/\/imais.online\/portal\/wp-json\/wp\/v2\/tags?post=962"}],"curies":[{"name":"wp","href":"https:\/\/api.w.org\/{rel}","templated":true}]}}