{"id":9626,"date":"2022-10-10T11:17:33","date_gmt":"2022-10-10T14:17:33","guid":{"rendered":"https:\/\/imais.online\/portal\/?p=9626"},"modified":"2022-10-10T11:17:35","modified_gmt":"2022-10-10T14:17:35","slug":"candidatos-gastaram-quase-r-10-bi-com-campanhas-em-todo-o-pais","status":"publish","type":"post","link":"https:\/\/imais.online\/portal\/candidatos-gastaram-quase-r-10-bi-com-campanhas-em-todo-o-pais\/","title":{"rendered":"Candidatos gastaram quase R$ 10 bi com campanhas em todo o pa\u00eds"},"content":{"rendered":"<div class=\"imais-before-content-placement\" id=\"imais-3285562434\"><script async src=\"\/\/pagead2.googlesyndication.com\/pagead\/js\/adsbygoogle.js?client=ca-pub-8787528412751566\" crossorigin=\"anonymous\"><\/script><ins class=\"adsbygoogle\" style=\"display:block;\" data-ad-client=\"ca-pub-8787528412751566\" \ndata-ad-slot=\"\" \ndata-ad-format=\"auto\"><\/ins>\n<script> \n(adsbygoogle = window.adsbygoogle || []).push({}); \n<\/script>\n<\/div>\n<h2 class=\"wp-block-heading\">Dados do TSE mostram que maior despesa \u00e9 com doa\u00e7\u00f5es a aliados; o segundo maior gasto \u00e9 com materiais gr\u00e1ficos<\/h2>\n\n\n\n<p>Os candidatos em todo o pa\u00eds gastaram pelo menos R$ 9,81 bilh\u00f5es nas campanhas eleitorais em 2022. O dado \u00e9 do\u00a0Tribunal Superior Eleitoral (TSE). O maior gasto foi com doa\u00e7\u00f5es a campanhas de aliados (56,91%). A segunda maior origem de despesas foi a publicidade por meio de\u00a0materiais impressos\u00a0(8,19%).<\/p>\n\n\n\n<p>Apesar do alcance da internet, os candidatos que disputam as elei\u00e7\u00f5es ainda recorrem aos tradicionais impressos para massificar a divulga\u00e7\u00e3o destinada aos eleitores.<\/p>\n\n\n\n<p>Professor de comunica\u00e7\u00e3o pol\u00edtica na Universidade Presbiteriana Mackenzie, Roberto Gondo Macedo afirma que, apesar da import\u00e2ncia do ambiente digital, as campanhas eleitorais precisam de material gr\u00e1fico. &#8220;O celular nem sempre \u00e9 a melhor op\u00e7\u00e3o para chegar ao eleitor, principalmente aquele do interior dos estados. Nesse caso, a melhor op\u00e7\u00e3o \u00e9, de fato, o material gr\u00e1fico&#8221;, diz.<\/p>\n\n\n\n<p>Macedo ressalta que a tecnologia vai ganhar espa\u00e7o cada vez mais e que a tend\u00eancia \u00e9 de aumento do or\u00e7amento para uso no ambiente digital. Ainda assim, segundo ele, o material impresso em uma campanha ainda n\u00e3o \u00e9 substitu\u00edvel.<\/p>\n\n\n\n<p>&#8220;Os gastos com panfletos e adesivos v\u00e3o continuar, porque eles s\u00e3o parte da abordagem de rua do eleitorado. E isso ainda \u00e9 massivo no pa\u00eds. Esse tipo de campanha predomina principalmente em regi\u00f5es que n\u00e3o s\u00e3o cosmopolitas, e o que impacta nesses munic\u00edpios do interior \u00e9 o movimento de rua, \u00e9 a sola gasta de sapato&#8221;, afirma.<\/p>\n\n\n\n<p>Professor de direito eleitoral e constitucional tamb\u00e9m no Mackenzie, Fl\u00e1vio de Le\u00e3o Bastos frisa que no Brasil ainda n\u00e3o existe um acesso global aos meios digitais, em especial fora dos grandes centros. &#8220;A linguagem digital ainda \u00e9 deficit\u00e1ria, por isso os panfletos s\u00e3o importantes&#8221;, ressalta. O especialista diz tamb\u00e9m que um processo eleitoral precisa incluir pessoas e levar informa\u00e7\u00f5es a todos, e que isso n\u00e3o \u00e9 sempre poss\u00edvel pelos meios digitais.<\/p>\n\n\n\n<h3 class=\"wp-block-heading\">Regras<\/h3>\n\n\n\n<p><em><\/em><\/p>\n\n\n\n<p>Apesar de ser comum, espalhar panfletos e outros materiais impressos no local de vota\u00e7\u00e3o ou nas vias pr\u00f3ximas \u00e9 proibido pela legisla\u00e7\u00e3o eleitoral.<\/p>\n\n\n\n<p>Nos dois turnos das elei\u00e7\u00f5es, o eleitor pode demonstrar sua prefer\u00eancia por determinada candidatura, mas a manifesta\u00e7\u00e3o deve ser &#8220;silenciosa&#8221; \u2014 por meio do uso de bandeiras, broches, adesivos, camisetas e outros materiais semelhantes.<\/p>\n\n\n\n<p>De acordo com a resolu\u00e7\u00e3o 23.610 do TSE, \u00e9 autorizado colocar adesivo (tipo microperfurado) at\u00e9 a extens\u00e3o total do para-brisa traseiro. Em outras posi\u00e7\u00f5es do ve\u00edculo, os adesivos n\u00e3o podem exceder 0,5 metro quadrado. Assim, n\u00e3o \u00e9 permitido fazer envelopamento de carros.<\/p>\n\n\n\n<p>A justaposi\u00e7\u00e3o de adesivo cuja dimens\u00e3o exceda 0,5 metro quadrado caracteriza publicidade irregular. Um adesivo n\u00e3o poder\u00e1 ser colocado ao lado de outro, segundo a norma.<\/p>\n\n\n\n<p>O tempo m\u00e9dio de decomposi\u00e7\u00e3o do papel \u00e9 de seis meses. Na tentativa de diminuir os impactos ambientais dos panfletos pol\u00edticos, h\u00e1 um projeto de lei (2.276) no Congresso Nacional que busca tornar obrigat\u00f3ria a produ\u00e7\u00e3o impressa de propaganda eleitoral em material biodegrad\u00e1vel.<\/p>\n\n\n\n<p><em>Colaborou Pl\u00ednio Aguiar<\/em><\/p>\n\n\n\n<p>Fonte R7 <\/p>\n","protected":false},"excerpt":{"rendered":"<p>Dados do TSE mostram que maior despesa \u00e9 com doa\u00e7\u00f5es a aliados; o segundo maior gasto \u00e9 com materiais gr\u00e1ficos Os candidatos em todo o pa\u00eds gastaram pelo menos R$ 9,81 bilh\u00f5es nas campanhas eleitorais em 2022. O dado \u00e9 do\u00a0Tribunal Superior Eleitoral (TSE). O maior gasto foi com doa\u00e7\u00f5es a campanhas de aliados (56,91%). [&hellip;]<\/p>\n","protected":false},"author":8,"featured_media":9627,"comment_status":"closed","ping_status":"open","sticky":false,"template":"","format":"standard","meta":{"rop_custom_images_group":[],"rop_custom_messages_group":[],"rop_publish_now":"initial","rop_publish_now_accounts":[],"rop_publish_now_history":[],"rop_publish_now_status":"pending","footnotes":""},"categories":[233],"tags":[],"class_list":["post-9626","post","type-post","status-publish","format-standard","has-post-thumbnail","hentry","category-eleicoes"],"amp_enabled":true,"_links":{"self":[{"href":"https:\/\/imais.online\/portal\/wp-json\/wp\/v2\/posts\/9626","targetHints":{"allow":["GET"]}}],"collection":[{"href":"https:\/\/imais.online\/portal\/wp-json\/wp\/v2\/posts"}],"about":[{"href":"https:\/\/imais.online\/portal\/wp-json\/wp\/v2\/types\/post"}],"author":[{"embeddable":true,"href":"https:\/\/imais.online\/portal\/wp-json\/wp\/v2\/users\/8"}],"replies":[{"embeddable":true,"href":"https:\/\/imais.online\/portal\/wp-json\/wp\/v2\/comments?post=9626"}],"version-history":[{"count":1,"href":"https:\/\/imais.online\/portal\/wp-json\/wp\/v2\/posts\/9626\/revisions"}],"predecessor-version":[{"id":9628,"href":"https:\/\/imais.online\/portal\/wp-json\/wp\/v2\/posts\/9626\/revisions\/9628"}],"wp:featuredmedia":[{"embeddable":true,"href":"https:\/\/imais.online\/portal\/wp-json\/wp\/v2\/media\/9627"}],"wp:attachment":[{"href":"https:\/\/imais.online\/portal\/wp-json\/wp\/v2\/media?parent=9626"}],"wp:term":[{"taxonomy":"category","embeddable":true,"href":"https:\/\/imais.online\/portal\/wp-json\/wp\/v2\/categories?post=9626"},{"taxonomy":"post_tag","embeddable":true,"href":"https:\/\/imais.online\/portal\/wp-json\/wp\/v2\/tags?post=9626"}],"curies":[{"name":"wp","href":"https:\/\/api.w.org\/{rel}","templated":true}]}}