{"id":965,"date":"2021-08-25T10:50:34","date_gmt":"2021-08-25T13:50:34","guid":{"rendered":"https:\/\/imais.online\/portal\/?p=965"},"modified":"2021-08-25T10:50:36","modified_gmt":"2021-08-25T13:50:36","slug":"mario-frias-questiona-criticas-de-marieta-severo-ao-governo","status":"publish","type":"post","link":"https:\/\/imais.online\/portal\/mario-frias-questiona-criticas-de-marieta-severo-ao-governo\/","title":{"rendered":"Mario Frias questiona cr\u00edticas de Marieta Severo ao governo"},"content":{"rendered":"<div class=\"imais-before-content-placement\" id=\"imais-1393274055\"><script async src=\"\/\/pagead2.googlesyndication.com\/pagead\/js\/adsbygoogle.js?client=ca-pub-8787528412751566\" crossorigin=\"anonymous\"><\/script><ins class=\"adsbygoogle\" style=\"display:block;\" data-ad-client=\"ca-pub-8787528412751566\" \ndata-ad-slot=\"\" \ndata-ad-format=\"auto\"><\/ins>\n<script> \n(adsbygoogle = window.adsbygoogle || []).push({}); \n<\/script>\n<\/div>\n<p class=\"has-text-align-center\">Secret\u00e1rio especial de Cultura se manifestou em uma rede social<\/p>\n\n\n\n<p>O secret\u00e1rio especial de Cultura, Mario Frias, usou as redes sociais nesta ter\u00e7a-feira (24) para rebater declara\u00e7\u00f5es da atriz Marieta Severo a respeito do governo federal.<\/p>\n\n\n\n<p>No Twitter, Frias reagiu a uma chamada, que usou o nome de um filme (Com Licen\u00e7a, Eu Vou \u00e0 Luta) que teve Marieta no elenco.<\/p>\n\n\n\n<p>Ela vai lutar contra o qu\u00ea? Contra os velhos esquemas que mantinham concentrados os recursos p\u00fablicos em uma pequena elite sindical arrogante? Ou contra a completa aus\u00eancia de auditoria nos projetos da Cultura? \u2013 questionou.<\/p>\n\n\n\n<p>Em&nbsp;<a href=\"https:\/\/oglobo.globo.com\/cultura\/marieta-severo-nunca-senti-uma-angustia-civica-tao-profunda-25163555\" target=\"_blank\" rel=\"noreferrer noopener\">entrevista<\/a>&nbsp;ao jornal O Globo, Marieta fez v\u00e1rias cr\u00edticas ao governo.<\/p>\n\n\n\n<p>\u2014 O que v\u00e3o permitir que se filme, arte sacra? A gente se perde diante dos absurdos. O que estar\u00e1 tramando Damares? Um negro que demoniza negros na Funda\u00e7\u00e3o Palmares. Pessoas s\u00e3o escolhidas pelo vi\u00e9s ideol\u00f3gico e n\u00e3o pela capacidade de ocupar os cargos. O pa\u00eds est\u00e1 desmoronando por dentro \u2014 afirma, criticando ainda a conduta do presidente na pandemia. \u2014 Senti inveja de pa\u00edses que lidaram com a desgra\u00e7a de forma respons\u00e1vel, com afeto, solidariedade, orienta\u00e7\u00f5es precisas e n\u00e3o com o uso pol\u00edtico da trag\u00e9dia. Esse acr\u00e9scimo de desespero \u00e9 imperdo\u00e1vel, matou muita gente \u2013 falou a atriz.<\/p>\n\n\n\n<p><\/p>\n","protected":false},"excerpt":{"rendered":"<p>Secret\u00e1rio especial de Cultura se manifestou em uma rede social O secret\u00e1rio especial de Cultura, Mario Frias, usou as redes sociais nesta ter\u00e7a-feira (24) para rebater declara\u00e7\u00f5es da atriz Marieta Severo a respeito do governo federal. No Twitter, Frias reagiu a uma chamada, que usou o nome de um filme (Com Licen\u00e7a, Eu Vou \u00e0 [&hellip;]<\/p>\n","protected":false},"author":8,"featured_media":967,"comment_status":"closed","ping_status":"open","sticky":false,"template":"","format":"standard","meta":{"rop_custom_images_group":[],"rop_custom_messages_group":[],"rop_publish_now":"initial","rop_publish_now_accounts":[],"rop_publish_now_history":[],"rop_publish_now_status":"pending","footnotes":""},"categories":[16],"tags":[],"class_list":["post-965","post","type-post","status-publish","format-standard","has-post-thumbnail","hentry","category-entertainment"],"amp_enabled":true,"_links":{"self":[{"href":"https:\/\/imais.online\/portal\/wp-json\/wp\/v2\/posts\/965","targetHints":{"allow":["GET"]}}],"collection":[{"href":"https:\/\/imais.online\/portal\/wp-json\/wp\/v2\/posts"}],"about":[{"href":"https:\/\/imais.online\/portal\/wp-json\/wp\/v2\/types\/post"}],"author":[{"embeddable":true,"href":"https:\/\/imais.online\/portal\/wp-json\/wp\/v2\/users\/8"}],"replies":[{"embeddable":true,"href":"https:\/\/imais.online\/portal\/wp-json\/wp\/v2\/comments?post=965"}],"version-history":[{"count":1,"href":"https:\/\/imais.online\/portal\/wp-json\/wp\/v2\/posts\/965\/revisions"}],"predecessor-version":[{"id":968,"href":"https:\/\/imais.online\/portal\/wp-json\/wp\/v2\/posts\/965\/revisions\/968"}],"wp:featuredmedia":[{"embeddable":true,"href":"https:\/\/imais.online\/portal\/wp-json\/wp\/v2\/media\/967"}],"wp:attachment":[{"href":"https:\/\/imais.online\/portal\/wp-json\/wp\/v2\/media?parent=965"}],"wp:term":[{"taxonomy":"category","embeddable":true,"href":"https:\/\/imais.online\/portal\/wp-json\/wp\/v2\/categories?post=965"},{"taxonomy":"post_tag","embeddable":true,"href":"https:\/\/imais.online\/portal\/wp-json\/wp\/v2\/tags?post=965"}],"curies":[{"name":"wp","href":"https:\/\/api.w.org\/{rel}","templated":true}]}}