{"id":9672,"date":"2022-10-12T14:34:31","date_gmt":"2022-10-12T17:34:31","guid":{"rendered":"https:\/\/imais.online\/portal\/?p=9672"},"modified":"2022-10-12T14:34:32","modified_gmt":"2022-10-12T17:34:32","slug":"tarcisio-tem-57-dos-votos-validos-e-haddad-43-diz-real-time-big-data","status":"publish","type":"post","link":"https:\/\/imais.online\/portal\/tarcisio-tem-57-dos-votos-validos-e-haddad-43-diz-real-time-big-data\/","title":{"rendered":"Tarc\u00edsio tem 57% dos votos v\u00e1lidos, e Haddad, 43%, diz Real Time Big Data"},"content":{"rendered":"<div class=\"imais-before-content-placement\" id=\"imais-1893163814\"><script async src=\"\/\/pagead2.googlesyndication.com\/pagead\/js\/adsbygoogle.js?client=ca-pub-8787528412751566\" crossorigin=\"anonymous\"><\/script><ins class=\"adsbygoogle\" style=\"display:block;\" data-ad-client=\"ca-pub-8787528412751566\" \ndata-ad-slot=\"\" \ndata-ad-format=\"auto\"><\/ins>\n<script> \n(adsbygoogle = window.adsbygoogle || []).push({}); \n<\/script>\n<\/div>\n<h2 class=\"wp-block-heading\">Candidato do Republicanos tem a prefer\u00eancia de homens, mulheres, evang\u00e9licos, cat\u00f3licos e eleitor de todas as faixas de renda<\/h2>\n\n\n\n<p>O candidato do Republicanos ao Governo de S\u00e3o Paulo, Tarc\u00edsio de Freitas, lidera a corrida eleitoral no segundo turno com 57% dos votos v\u00e1lidos (descontados nulos e em branco), segundo pesquisa divulgada nesta quarta-feira (12) pelo instituto Real Time Big Data. O advers\u00e1rio dele, Fernando Haddad (PT), aparece com 43%.<\/p>\n\n\n\n<figure class=\"wp-block-image\"><img decoding=\"async\" src=\"https:\/\/img.r7.com\/images\/pesquisa-sp-segundo-turno-votos-validos-2022-11102022222256974\" alt=\"\" title=\"\"\/><figcaption> LUCE COSTA\/ARTE-R7 <\/figcaption><\/figure>\n\n\n\n<p>A pesquisa do Real Time Big Data foi feita para a&nbsp;<strong>Record TV<\/strong>. Foram ouvidos 1.200 eleitores paulistas entre segunda-feira (10) e ter\u00e7a-feira (11). A margem de erro \u00e9 de 3 pontos percentuais, para mais ou para menos, com um n\u00edvel de confian\u00e7a de 95%. A pesquisa foi registrada no Tribunal Superior Eleitoral (TSE) sob o n\u00famero SP-08940\/2022.<\/p>\n\n\n\n<p>De acordo com o levantamento, Tarc\u00edsio tamb\u00e9m lidera na pesquisa estimulada, em que o nome dos candidatos \u00e9 apresentado ao eleitor. Nesse cen\u00e1rio, o candidato do Republicanos tem 48%, e Haddad, 36%. Eleitores que n\u00e3o sabem ou n\u00e3o responderam s\u00e3o 10%, e os que disseram que votariam nulo ou em branco somam 6%.<\/p>\n\n\n\n<figure class=\"wp-block-image\"><img decoding=\"async\" src=\"https:\/\/img.r7.com\/images\/pesquisa-sp-segundo-turno-estimulada-2022-11102022222256579\" alt=\"\" title=\"\"\/><figcaption> LUCE COSTA\/ARTE-R7 <\/figcaption><\/figure>\n\n\n\n<h3 class=\"wp-block-heading\">Perfil do eleitor<\/h3>\n\n\n\n<p>Segundo\u00a0o Real Time Big Data, Tarc\u00edsio \u00e9 o candidato preferido de v\u00e1rios tipos de eleitor. A pesquisa mostra que ele tem 42% das inten\u00e7\u00f5es de voto de mulheres e 55% de homens, enquanto Haddad tem 40% dos votos femininos e 32% dos votos masculinos.<\/p>\n\n\n\n<p>Considerando a renda mensal dos eleitores, Tarc\u00edsio tem mais votos entre os que ganham at\u00e9 dois sal\u00e1rios m\u00ednimos (46%), de dois a cinco sal\u00e1rios m\u00ednimos (45%) e mais que cinco sal\u00e1rios m\u00ednimos (58%). Haddad tem 39%, 36% e 32%, respectivamente.\u00a0<\/p>\n\n\n\n<p>Tarc\u00edsio tamb\u00e9m aparece \u00e0 frente entre os eleitores evang\u00e9licos (60%) e cat\u00f3licos (49%). Nesses p\u00fablicos, Haddad tem 29% e 40%.<\/p>\n\n\n\n<p>De acordo com\u00a0o Real Time Big Data, Tarc\u00edsio tem a prefer\u00eancia de sete regi\u00f5es do estado de S\u00e3o Paulo: Macro Campinas (53%), Norte (54%), Centro (55%), Vale do Para\u00edba (52%), Oeste (53%), Baixada e Ribeira (52%) e Macro Sorocaba (57%). Haddad vence na regi\u00e3o metropolitana de S\u00e3o Paulo (45%). Na capital, h\u00e1 um empate: ambos t\u00eam 44%.<\/p>\n\n\n\n<p>Fonte R7 <\/p>\n","protected":false},"excerpt":{"rendered":"<p>Candidato do Republicanos tem a prefer\u00eancia de homens, mulheres, evang\u00e9licos, cat\u00f3licos e eleitor de todas as faixas de renda O candidato do Republicanos ao Governo de S\u00e3o Paulo, Tarc\u00edsio de Freitas, lidera a corrida eleitoral no segundo turno com 57% dos votos v\u00e1lidos (descontados nulos e em branco), segundo pesquisa divulgada nesta quarta-feira (12) pelo [&hellip;]<\/p>\n","protected":false},"author":8,"featured_media":9673,"comment_status":"closed","ping_status":"open","sticky":false,"template":"","format":"standard","meta":{"rop_custom_images_group":[],"rop_custom_messages_group":[],"rop_publish_now":"initial","rop_publish_now_accounts":[],"rop_publish_now_history":[],"rop_publish_now_status":"pending","footnotes":""},"categories":[233],"tags":[73],"class_list":["post-9672","post","type-post","status-publish","format-standard","has-post-thumbnail","hentry","category-eleicoes","tag-featured"],"amp_enabled":true,"_links":{"self":[{"href":"https:\/\/imais.online\/portal\/wp-json\/wp\/v2\/posts\/9672","targetHints":{"allow":["GET"]}}],"collection":[{"href":"https:\/\/imais.online\/portal\/wp-json\/wp\/v2\/posts"}],"about":[{"href":"https:\/\/imais.online\/portal\/wp-json\/wp\/v2\/types\/post"}],"author":[{"embeddable":true,"href":"https:\/\/imais.online\/portal\/wp-json\/wp\/v2\/users\/8"}],"replies":[{"embeddable":true,"href":"https:\/\/imais.online\/portal\/wp-json\/wp\/v2\/comments?post=9672"}],"version-history":[{"count":1,"href":"https:\/\/imais.online\/portal\/wp-json\/wp\/v2\/posts\/9672\/revisions"}],"predecessor-version":[{"id":9674,"href":"https:\/\/imais.online\/portal\/wp-json\/wp\/v2\/posts\/9672\/revisions\/9674"}],"wp:featuredmedia":[{"embeddable":true,"href":"https:\/\/imais.online\/portal\/wp-json\/wp\/v2\/media\/9673"}],"wp:attachment":[{"href":"https:\/\/imais.online\/portal\/wp-json\/wp\/v2\/media?parent=9672"}],"wp:term":[{"taxonomy":"category","embeddable":true,"href":"https:\/\/imais.online\/portal\/wp-json\/wp\/v2\/categories?post=9672"},{"taxonomy":"post_tag","embeddable":true,"href":"https:\/\/imais.online\/portal\/wp-json\/wp\/v2\/tags?post=9672"}],"curies":[{"name":"wp","href":"https:\/\/api.w.org\/{rel}","templated":true}]}}