{"id":9712,"date":"2022-10-14T13:53:35","date_gmt":"2022-10-14T16:53:35","guid":{"rendered":"https:\/\/imais.online\/portal\/?p=9712"},"modified":"2022-10-14T13:53:36","modified_gmt":"2022-10-14T16:53:36","slug":"bolsonaro-critica-moraes-por-barrar-inqueritos-sobre-institutos-de-pesquisa-eleitoral","status":"publish","type":"post","link":"https:\/\/imais.online\/portal\/bolsonaro-critica-moraes-por-barrar-inqueritos-sobre-institutos-de-pesquisa-eleitoral\/","title":{"rendered":"Bolsonaro critica Moraes por barrar inqu\u00e9ritos sobre institutos de pesquisa eleitoral"},"content":{"rendered":"<div class=\"imais-before-content-placement\" id=\"imais-2896849865\"><script async src=\"\/\/pagead2.googlesyndication.com\/pagead\/js\/adsbygoogle.js?client=ca-pub-8787528412751566\" crossorigin=\"anonymous\"><\/script><ins class=\"adsbygoogle\" style=\"display:block;\" data-ad-client=\"ca-pub-8787528412751566\" \ndata-ad-slot=\"\" \ndata-ad-format=\"auto\"><\/ins>\n<script> \n(adsbygoogle = window.adsbygoogle || []).push({}); \n<\/script>\n<\/div>\n<h2 class=\"wp-block-heading\">Segundo o candidato \u00e0 reelei\u00e7\u00e3o, as empresas &#8216;v\u00e3o continuar mentindo&#8217; e a medida beneficia seu advers\u00e1rio na disputa<\/h2>\n\n\n\n<p>O presidente e candidato \u00e0 reelei\u00e7\u00e3o,\u00a0Jair Bolsonaro (PL), voltou a criticar, nesta sexta-feira (14), o presidente do Tribunal Superior Eleitoral (TSE), ministro Alexandre de Moraes, por ter tornado\u00a0sem efeito os inqu\u00e9ritos abertos\u00a0sobre supostas irregularidades dos institutos de pesquisa eleitoral.<\/p>\n\n\n\n<p>&#8220;O que ele fez? N\u00e3o pode investigar. Os institutos v\u00e3o continuar mentindo. E, nessas mentiras, quantos votos se arrastam para o outro lado? Geralmente vota em quem est\u00e1 ganhando. Dois, tr\u00eas milh\u00f5es de votos. Parab\u00e9ns, Alexandre de Moraes&#8221;, afirmou Bolsonaro durante entrevista a youtubers de clubes de futebol.<\/p>\n\n\n\n<p>&#8220;Parab\u00e9ns, Alexandre de Moraes. O seu candidato n\u00e3o \u00e9 o [Luiz In\u00e1cio] Lula [da Silva, candidato ao Pal\u00e1cio do Planalto], \u00e9 o [Geraldo] Alckmin [vice na chapa do petista]. Ele foi secret\u00e1rio de seguran\u00e7a do Alckmin em S\u00e3o Paulo, o Alckmin governador. N\u00f3s sabemos para quem ele advogava no passado. E a verdade n\u00e3o \u00e9 o Alckmin com Lula. \u00c9 o Moraes com o Lula&#8221;, acrescentou Bolsonaro.<\/p>\n\n\n\n<p>As empresas respons\u00e1veis pelos levantamentos de opini\u00e3o tornaram-se alvo de cr\u00edticas ap\u00f3s diverg\u00eancias entre as estimativas previstas e os resultados das urnas no primeiro turno.\u00a0A decis\u00e3o de Moraes se deu na \u00faltima quinta-feira (13).\u00a0O presidente do TSE tornou sem efeito inqu\u00e9ritos abertos pela Pol\u00edcia Federal (PF) e pelo Conselho Administrativo de Defesa Econ\u00f4mica (Cade). Ambos iniciaram investiga\u00e7\u00f5es sobre institutos de pesquisas.<\/p>\n\n\n\n<p>Segundo Moraes, compete \u00e0 Justi\u00e7a Eleitoral a fiscaliza\u00e7\u00e3o das entidades de pesquisa e, no caso do Cade e da PF, h\u00e1 &#8220;incompet\u00eancia absoluta de seus \u00f3rg\u00e3os prolatores e a aus\u00eancia de justa causa&#8221;. &#8220;Inclusive com a participa\u00e7\u00e3o e possibilidade de impugna\u00e7\u00e3o dos envolvidos e com o exerc\u00edcio de poder de pol\u00edcia para garantir a legitimidade eleitoral&#8221;, apontou o magistrado.<\/p>\n\n\n\n<p>O ministro determinou tamb\u00e9m o envio da decis\u00e3o \u00e0 Corregedoria-Geral Eleitoral e \u00e0 Procuradoria-Geral Eleitoral para apura\u00e7\u00e3o de eventual pr\u00e1tica de abuso de poder pol\u00edtico. Moraes cita poss\u00edvel &#8220;desvio de finalidade no uso de \u00f3rg\u00e3os administrativos com inten\u00e7\u00e3o de favorecer determinada candidatura, al\u00e9m do crime de abuso de autoridade&#8221;.<\/p>\n\n\n\n<h3 class=\"wp-block-heading\">Justificativas<\/h3>\n\n\n\n<p>De acordo com\u00a0representa\u00e7\u00e3o no Cade, ocorreram erros na apresenta\u00e7\u00e3o dos resultados, tendo em vista a discrep\u00e2ncia do que apontavam as pesquisas eleitorais e o resultado das urnas. &#8220;Os erros foram evidenciados pelos resultados das urnas apuradas, quando se constatou que as pesquisas de diferentes institutos de pesquisa, tais como o Datafolha, Ipec, Ipespe, entre outros, erraram, para al\u00e9m das margens de erro, nas pontua\u00e7\u00f5es em rela\u00e7\u00e3o a alguns dos candidatos&#8221;, diz o Cade.<\/p>\n\n\n\n<p>A\u00a0investiga\u00e7\u00e3o da PF\u00a0foi uma determina\u00e7\u00e3o do ministro da Justi\u00e7a e Seguran\u00e7a P\u00fablica, Anderson Torres. Ele comunicou \u00e0 PF a necessidade de um inqu\u00e9rito ap\u00f3s receber uma representa\u00e7\u00e3o do PL, partido do presidente Jair Bolsonaro, que contestou o levantamento de empresas que fizeram um progn\u00f3stico errado das inten\u00e7\u00f5es de voto para o chefe do Executivo.<\/p>\n\n\n\n<h3 class=\"wp-block-heading\">Live<\/h3>\n\n\n\n<p>Em outro momento, Bolsonaro novamente criticou Moraes, desta vez por causa da decis\u00e3o de proibir o presidente de fazer live nas redes sociais dentro dos Pal\u00e1cios da Alvorada e do Planalto.\u00a0A medida foi confirmada em plen\u00e1rio pelo TSE,\u00a0uma vez que usam recursos e depend\u00eancias p\u00fablicas.<\/p>\n\n\n\n<p>&#8220;Tem um aparelhamento das institui\u00e7\u00f5es. Voc\u00ea v\u00ea alguma decis\u00e3o do Moraes a meu favor no TSE? Inclusive proibiu de fazer live em casa. Imagina a situa\u00e7\u00e3o que eu estou. Ser proibido de fazer live em casa. Que humilha\u00e7\u00e3o \u00e9 essa?&#8221;, questionou. &#8220;Qual a inten\u00e7\u00e3o? Humilhar, tomar seu tempo, tentar tirar do s\u00e9rio.&#8221;<\/p>\n\n\n\n<p>Fonte R7 <\/p>\n","protected":false},"excerpt":{"rendered":"<p>Segundo o candidato \u00e0 reelei\u00e7\u00e3o, as empresas &#8216;v\u00e3o continuar mentindo&#8217; e a medida beneficia seu advers\u00e1rio na disputa O presidente e candidato \u00e0 reelei\u00e7\u00e3o,\u00a0Jair Bolsonaro (PL), voltou a criticar, nesta sexta-feira (14), o presidente do Tribunal Superior Eleitoral (TSE), ministro Alexandre de Moraes, por ter tornado\u00a0sem efeito os inqu\u00e9ritos abertos\u00a0sobre supostas irregularidades dos institutos de [&hellip;]<\/p>\n","protected":false},"author":8,"featured_media":9713,"comment_status":"closed","ping_status":"open","sticky":false,"template":"","format":"standard","meta":{"rop_custom_images_group":[],"rop_custom_messages_group":[],"rop_publish_now":"initial","rop_publish_now_accounts":[],"rop_publish_now_history":[],"rop_publish_now_status":"pending","footnotes":""},"categories":[233],"tags":[],"class_list":["post-9712","post","type-post","status-publish","format-standard","has-post-thumbnail","hentry","category-eleicoes"],"amp_enabled":true,"_links":{"self":[{"href":"https:\/\/imais.online\/portal\/wp-json\/wp\/v2\/posts\/9712","targetHints":{"allow":["GET"]}}],"collection":[{"href":"https:\/\/imais.online\/portal\/wp-json\/wp\/v2\/posts"}],"about":[{"href":"https:\/\/imais.online\/portal\/wp-json\/wp\/v2\/types\/post"}],"author":[{"embeddable":true,"href":"https:\/\/imais.online\/portal\/wp-json\/wp\/v2\/users\/8"}],"replies":[{"embeddable":true,"href":"https:\/\/imais.online\/portal\/wp-json\/wp\/v2\/comments?post=9712"}],"version-history":[{"count":1,"href":"https:\/\/imais.online\/portal\/wp-json\/wp\/v2\/posts\/9712\/revisions"}],"predecessor-version":[{"id":9714,"href":"https:\/\/imais.online\/portal\/wp-json\/wp\/v2\/posts\/9712\/revisions\/9714"}],"wp:featuredmedia":[{"embeddable":true,"href":"https:\/\/imais.online\/portal\/wp-json\/wp\/v2\/media\/9713"}],"wp:attachment":[{"href":"https:\/\/imais.online\/portal\/wp-json\/wp\/v2\/media?parent=9712"}],"wp:term":[{"taxonomy":"category","embeddable":true,"href":"https:\/\/imais.online\/portal\/wp-json\/wp\/v2\/categories?post=9712"},{"taxonomy":"post_tag","embeddable":true,"href":"https:\/\/imais.online\/portal\/wp-json\/wp\/v2\/tags?post=9712"}],"curies":[{"name":"wp","href":"https:\/\/api.w.org\/{rel}","templated":true}]}}