{"id":9737,"date":"2022-10-15T14:40:35","date_gmt":"2022-10-15T17:40:35","guid":{"rendered":"https:\/\/imais.online\/portal\/?p=9737"},"modified":"2022-10-15T14:40:37","modified_gmt":"2022-10-15T17:40:37","slug":"candidatos-nao-poderao-ser-presos-ou-detidos-a-partir-deste-sabado","status":"publish","type":"post","link":"https:\/\/imais.online\/portal\/candidatos-nao-poderao-ser-presos-ou-detidos-a-partir-deste-sabado\/","title":{"rendered":"Candidatos n\u00e3o poder\u00e3o ser presos ou detidos a partir deste s\u00e1bado"},"content":{"rendered":"<div class=\"imais-before-content-placement\" id=\"imais-1086728225\"><script async src=\"\/\/pagead2.googlesyndication.com\/pagead\/js\/adsbygoogle.js?client=ca-pub-8787528412751566\" crossorigin=\"anonymous\"><\/script><ins class=\"adsbygoogle\" style=\"display:block;\" data-ad-client=\"ca-pub-8787528412751566\" \ndata-ad-slot=\"\" \ndata-ad-format=\"auto\"><\/ins>\n<script> \n(adsbygoogle = window.adsbygoogle || []).push({}); \n<\/script>\n<\/div>\n<h2 class=\"wp-block-heading\">\u00danica exce\u00e7\u00e3o concedida aos concorrentes no segundo turno \u00e9 em caso de flagrante delito, de acordo com decis\u00e3o do TSE<\/h2>\n\n\n\n<p>Nenhum candidato que participar\u00e1 da disputa no segundo turno destas elei\u00e7\u00f5es poder\u00e1 ser preso ou detido a partir de hoje, s\u00e1bado (15). A \u00fanica exce\u00e7\u00e3o concedida \u00e9 em caso de flagrante delito, de acordo com decis\u00e3o do Tribunal Superior Eleitoral (TSE).<\/p>\n\n\n\n<p>A determina\u00e7\u00e3o consta no\u00a0C\u00f3digo Eleitoral. &#8220;Os membros das mesas receptoras e os fiscais de partido, durante o exerc\u00edcio de suas fun\u00e7\u00f5es, n\u00e3o poder\u00e3o ser detidos ou presos, salvo o caso de flagrante delito; da mesma garantia gozar\u00e3o os candidatos desde 15 (quinze) dias antes da elei\u00e7\u00e3o&#8221;, estabelece o par\u00e1grafo 1\u00b0 do artigo 236.<\/p>\n\n\n\n<p>A medida envolve os dois candidatos \u00e0 Presid\u00eancia da Rep\u00fablica,\u00a0Jair Bolsonaro\u00a0(PL) e\u00a0Luiz In\u00e1cio Lula da Silva\u00a0(PT), al\u00e9m dos 24 concorrentes ao cargo de governador.<\/p>\n\n\n\n<p><strong>Confira abaixo os estados e os candidatos que disputar\u00e3o o cargo de governador:<\/strong><br>1 &#8211;\u00a0<strong>Alagoas:<\/strong>\u00a0Paulo Dantas (MDB) e Rodrigo Cunha (Uni\u00e3o)<br>2 &#8211;\u00a0<strong>Amazonas:<\/strong>\u00a0Wilson Lima (Uni\u00e3o) e Eduardo Braga (MDB)<br>3 &#8211;\u00a0<strong>Bahia:<\/strong>\u00a0Jer\u00f4nimo Rodrigues (PT) e ACM Neto (Uni\u00e3o)<br>4 &#8211;\u00a0<strong>Esp\u00edrito Santo:<\/strong>\u00a0Renato Casagrande (PSB) e Carlos Mannato (PL)<br>5 &#8211;\u00a0<strong>Mato Grosso do Sul:<\/strong>\u00a0Renan Contar (PRTB) e Eduardo Riedel (PSDB)<br>6 &#8211;\u00a0<strong>Para\u00edba:<\/strong>\u00a0Jo\u00e3o Azevedo (PSB) e Pedro Lima (PSDB)<br>7 &#8211;\u00a0<strong>Pernambuco:<\/strong>\u00a0Mar\u00edlia Arraes (Solidariedade) e Raquel Lyra (PSDB)<br>8 &#8211;\u00a0<strong>Rio Grande do Sul:<\/strong>\u00a0Onyx Lorenzoni (PL) e Eduardo Leite (PSDB)<br>9 &#8211;\u00a0<strong>Rond\u00f4nia:<\/strong>\u00a0Marcos Rocha (Uni\u00e3o) e Marcos Rog\u00e9rio (PL)<br>10 &#8211;\u00a0<strong>Santa Catarina:<\/strong>\u00a0Jorginho Mello (PL) e D\u00e9cio Lima (PT)<br>11 &#8211;\u00a0<strong>S\u00e3o Paulo:<\/strong>\u00a0Tarc\u00edsio de Freitas (Republicanos) e Fernando Haddad (PT)<br>12 &#8211;\u00a0<strong>Sergipe:<\/strong>\u00a0Rog\u00e9rio Carvalho (PT) e F\u00e1bio Mitidieri (PSD)<\/p>\n\n\n\n<h3 class=\"wp-block-heading\">Eleitores<\/h3>\n\n\n\n<p>No caso dos eleitores, a proibi\u00e7\u00e3o da pris\u00e3o ou da deten\u00e7\u00e3o\u00a0\u2014 tamb\u00e9m com exce\u00e7\u00e3o dos casos de flagrante delito\u00a0\u2014 come\u00e7ar\u00e1 a partir do pr\u00f3ximo dia 25, cinco dias antes da vota\u00e7\u00e3o.<\/p>\n\n\n\n<p>Fonte R7<\/p>\n","protected":false},"excerpt":{"rendered":"<p>\u00danica exce\u00e7\u00e3o concedida aos concorrentes no segundo turno \u00e9 em caso de flagrante delito, de acordo com decis\u00e3o do TSE Nenhum candidato que participar\u00e1 da disputa no segundo turno destas elei\u00e7\u00f5es poder\u00e1 ser preso ou detido a partir de hoje, s\u00e1bado (15). A \u00fanica exce\u00e7\u00e3o concedida \u00e9 em caso de flagrante delito, de acordo com [&hellip;]<\/p>\n","protected":false},"author":8,"featured_media":9738,"comment_status":"closed","ping_status":"open","sticky":false,"template":"","format":"standard","meta":{"rop_custom_images_group":[],"rop_custom_messages_group":[],"rop_publish_now":"initial","rop_publish_now_accounts":[],"rop_publish_now_history":[],"rop_publish_now_status":"pending","footnotes":""},"categories":[233],"tags":[],"class_list":["post-9737","post","type-post","status-publish","format-standard","has-post-thumbnail","hentry","category-eleicoes"],"amp_enabled":true,"_links":{"self":[{"href":"https:\/\/imais.online\/portal\/wp-json\/wp\/v2\/posts\/9737","targetHints":{"allow":["GET"]}}],"collection":[{"href":"https:\/\/imais.online\/portal\/wp-json\/wp\/v2\/posts"}],"about":[{"href":"https:\/\/imais.online\/portal\/wp-json\/wp\/v2\/types\/post"}],"author":[{"embeddable":true,"href":"https:\/\/imais.online\/portal\/wp-json\/wp\/v2\/users\/8"}],"replies":[{"embeddable":true,"href":"https:\/\/imais.online\/portal\/wp-json\/wp\/v2\/comments?post=9737"}],"version-history":[{"count":1,"href":"https:\/\/imais.online\/portal\/wp-json\/wp\/v2\/posts\/9737\/revisions"}],"predecessor-version":[{"id":9739,"href":"https:\/\/imais.online\/portal\/wp-json\/wp\/v2\/posts\/9737\/revisions\/9739"}],"wp:featuredmedia":[{"embeddable":true,"href":"https:\/\/imais.online\/portal\/wp-json\/wp\/v2\/media\/9738"}],"wp:attachment":[{"href":"https:\/\/imais.online\/portal\/wp-json\/wp\/v2\/media?parent=9737"}],"wp:term":[{"taxonomy":"category","embeddable":true,"href":"https:\/\/imais.online\/portal\/wp-json\/wp\/v2\/categories?post=9737"},{"taxonomy":"post_tag","embeddable":true,"href":"https:\/\/imais.online\/portal\/wp-json\/wp\/v2\/tags?post=9737"}],"curies":[{"name":"wp","href":"https:\/\/api.w.org\/{rel}","templated":true}]}}