{"id":9978,"date":"2022-10-26T14:21:48","date_gmt":"2022-10-26T17:21:48","guid":{"rendered":"https:\/\/imais.online\/portal\/?p=9978"},"modified":"2022-10-26T14:21:49","modified_gmt":"2022-10-26T17:21:49","slug":"bolsonaro-sobe-o-tom-contra-falha-em-insercoes-em-radios-acusa-pt-e-avisa-tse-deve-explicacoes","status":"publish","type":"post","link":"https:\/\/imais.online\/portal\/bolsonaro-sobe-o-tom-contra-falha-em-insercoes-em-radios-acusa-pt-e-avisa-tse-deve-explicacoes\/","title":{"rendered":"Bolsonaro sobe o tom contra falha em inser\u00e7\u00f5es em r\u00e1dios, acusa PT e avisa: &#8216;TSE deve explica\u00e7\u00f5es&#8217;"},"content":{"rendered":"<div class=\"imais-before-content-placement\" id=\"imais-445821845\"><script async src=\"\/\/pagead2.googlesyndication.com\/pagead\/js\/adsbygoogle.js?client=ca-pub-8787528412751566\" crossorigin=\"anonymous\"><\/script><ins class=\"adsbygoogle\" style=\"display:block;\" data-ad-client=\"ca-pub-8787528412751566\" \ndata-ad-slot=\"\" \ndata-ad-format=\"auto\"><\/ins>\n<script> \n(adsbygoogle = window.adsbygoogle || []).push({}); \n<\/script>\n<\/div>\n<h2 class=\"wp-block-heading\">Em Te\u00f3filo Otoni (MG), presidente diz ser democrata e v\u00edtima e lembrou que rival recebeu espa\u00e7o de propaganda destinado a ele<\/h2>\n\n\n\n<p>O\u00a0<strong>presidente Jair Bolsonaro (PL)<\/strong>, candidato \u00e0 reelei\u00e7\u00e3o \u00e0 Presid\u00eancia, subiu o tom contra o TSE (Tribunal Superior Eleitoral) durante agenda de campanha nesta quarta-feira (26) em Te\u00f3filo Otoni (MG).<\/p>\n\n\n\n<p>Em conversa exclusiva com o blog, Bolsonaro disse ter &#8220;provas irrefut\u00e1veis da manipula\u00e7\u00e3o das inser\u00e7\u00f5es&#8221; de\u00a0<strong>propaganda eleitoral em r\u00e1dios<\/strong>. Tamb\u00e9m acusou o TSE e o PT de &#8220;manipularem juntos&#8221;, o que, segundo ele, &#8220;interfere no resultado das elei\u00e7\u00f5es&#8221;.\u00a0<\/p>\n\n\n\n<p>Hoje, a\u00a0<strong>Corte Eleitoral decidiu exonerar o servidor respons\u00e1vel<\/strong>\u00a0por receber arquivos com as pe\u00e7as publicit\u00e1rias das campanhas eleitorais e disponibilizar os materiais no sistema eletr\u00f4nico da Corte. Esse material \u00e9 baixado pelas emissoras de r\u00e1dio e TV, que, ent\u00e3o, veiculam.<\/p>\n\n\n\n<p>\u201cTemos provas irrefut\u00e1veis da manipula\u00e7\u00e3o das inser\u00e7\u00f5es. O TSE quer dar por encerrado e exclu\u00eddo demitindo esse servidor. Ele j\u00e1 prestou depoimento nesta madrugada para a Pol\u00edcia Federal. Vai mais al\u00e9m. Vai no PT. E temos tamb\u00e9m, quase que certeza, na ponta da linha eles manipularam juntos. Isso \u00e9 grav\u00edssimo, isso \u00e9 fraude. Isso interfere no resultado de elei\u00e7\u00f5es&#8221;, afirmou.<\/p>\n\n\n\n<p>Ontem, a campanha de Bolsonaro entregou \u00e0 Justi\u00e7a Eleitoral um relat\u00f3rio com den\u00fancias de que o presidente e candidato \u00e0 reelei\u00e7\u00e3o teria sido prejudicado ao ter menos inser\u00e7\u00f5es em r\u00e1dios do que a campanha advers\u00e1ria, do candidato Luiz In\u00e1cio Lula da Silva (PT).<\/p>\n\n\n\n<p>Em seguida, Bolsonaro disse ter sido prejudicado pela propaganda eleitoral obrigat\u00f3ria em r\u00e1dios e TVs do pa\u00eds e avisou que, mais que isso, o advers\u00e1rio nas urnas foi beneficiado ao receber o tempo de campanha que seria destinado a ele pr\u00f3prio.<\/p>\n\n\n\n<p>&#8220;Eu sou v\u00edtima, mais uma vez, desse processo. Eu sou democrata. O TSE deve explica\u00e7\u00f5es. Os meus advogados est\u00e3o estudando o que fazer. Porque, afinal de contas, [&#8230;] l\u00e1 n\u00e3o chegou a nossa informa\u00e7\u00e3o. Mais que n\u00e3o chegar, para o PT, foi dado o nosso tempo l\u00e1, com dezenas de milhares de inser\u00e7\u00f5es\u201d, completou.<\/p>\n\n\n\n<p>O TSE disse ao\u00a0<strong>R7<\/strong>\u00a0que se trata de uma demiss\u00e3o normal no funcionalismo p\u00fablico, sem rela\u00e7\u00e3o com o epis\u00f3dio relatado pela campanha de Bolsonaro, e que, desde que assumiu a presid\u00eancia do TSE, Alexandre de Moraes vem fazendo mudan\u00e7as pontuais na equipe.<\/p>\n\n\n\n<p>Fonte R7<\/p>\n","protected":false},"excerpt":{"rendered":"<p>Em Te\u00f3filo Otoni (MG), presidente diz ser democrata e v\u00edtima e lembrou que rival recebeu espa\u00e7o de propaganda destinado a ele O\u00a0presidente Jair Bolsonaro (PL), candidato \u00e0 reelei\u00e7\u00e3o \u00e0 Presid\u00eancia, subiu o tom contra o TSE (Tribunal Superior Eleitoral) durante agenda de campanha nesta quarta-feira (26) em Te\u00f3filo Otoni (MG). Em conversa exclusiva com o [&hellip;]<\/p>\n","protected":false},"author":8,"featured_media":9979,"comment_status":"closed","ping_status":"open","sticky":false,"template":"","format":"standard","meta":{"rop_custom_images_group":[],"rop_custom_messages_group":[],"rop_publish_now":"initial","rop_publish_now_accounts":[],"rop_publish_now_history":[],"rop_publish_now_status":"pending","footnotes":""},"categories":[233],"tags":[73],"class_list":["post-9978","post","type-post","status-publish","format-standard","has-post-thumbnail","hentry","category-eleicoes","tag-featured"],"amp_enabled":true,"_links":{"self":[{"href":"https:\/\/imais.online\/portal\/wp-json\/wp\/v2\/posts\/9978","targetHints":{"allow":["GET"]}}],"collection":[{"href":"https:\/\/imais.online\/portal\/wp-json\/wp\/v2\/posts"}],"about":[{"href":"https:\/\/imais.online\/portal\/wp-json\/wp\/v2\/types\/post"}],"author":[{"embeddable":true,"href":"https:\/\/imais.online\/portal\/wp-json\/wp\/v2\/users\/8"}],"replies":[{"embeddable":true,"href":"https:\/\/imais.online\/portal\/wp-json\/wp\/v2\/comments?post=9978"}],"version-history":[{"count":1,"href":"https:\/\/imais.online\/portal\/wp-json\/wp\/v2\/posts\/9978\/revisions"}],"predecessor-version":[{"id":9980,"href":"https:\/\/imais.online\/portal\/wp-json\/wp\/v2\/posts\/9978\/revisions\/9980"}],"wp:featuredmedia":[{"embeddable":true,"href":"https:\/\/imais.online\/portal\/wp-json\/wp\/v2\/media\/9979"}],"wp:attachment":[{"href":"https:\/\/imais.online\/portal\/wp-json\/wp\/v2\/media?parent=9978"}],"wp:term":[{"taxonomy":"category","embeddable":true,"href":"https:\/\/imais.online\/portal\/wp-json\/wp\/v2\/categories?post=9978"},{"taxonomy":"post_tag","embeddable":true,"href":"https:\/\/imais.online\/portal\/wp-json\/wp\/v2\/tags?post=9978"}],"curies":[{"name":"wp","href":"https:\/\/api.w.org\/{rel}","templated":true}]}}