{"id":9993,"date":"2022-10-27T14:11:41","date_gmt":"2022-10-27T17:11:41","guid":{"rendered":"https:\/\/imais.online\/portal\/?p=9993"},"modified":"2022-10-27T14:11:42","modified_gmt":"2022-10-27T17:11:42","slug":"bebe-recem-nascida-e-encontrada-em-sacola-de-feira-dentro-de-lata-de-lixo-na-zona-sul-de-sao-paulo","status":"publish","type":"post","link":"https:\/\/imais.online\/portal\/bebe-recem-nascida-e-encontrada-em-sacola-de-feira-dentro-de-lata-de-lixo-na-zona-sul-de-sao-paulo\/","title":{"rendered":"Beb\u00ea rec\u00e9m-nascida \u00e9 encontrada em sacola de feira dentro de lata de lixo na zona sul de S\u00e3o Paulo"},"content":{"rendered":"<div class=\"imais-before-content-placement\" id=\"imais-3271436698\"><script async src=\"\/\/pagead2.googlesyndication.com\/pagead\/js\/adsbygoogle.js?client=ca-pub-8787528412751566\" crossorigin=\"anonymous\"><\/script><ins class=\"adsbygoogle\" style=\"display:block;\" data-ad-client=\"ca-pub-8787528412751566\" \ndata-ad-slot=\"\" \ndata-ad-format=\"auto\"><\/ins>\n<script> \n(adsbygoogle = window.adsbygoogle || []).push({}); \n<\/script>\n<\/div>\n<h2 class=\"wp-block-heading\">Adolescente ouviu choro, percebeu a menina dentro da lixeira e acionou a pol\u00edcia. Ela foi encaminhada a um hospital e passa bem<\/h2>\n\n\n\n<p>Uma beb\u00ea rec\u00e9m-nascida foi encontrada em uma sacola de feira em uma lata de lixo suspensa, na rua Ant\u00f4nio Costa Ernesto, no Jardim Maraca, Cap\u00e3o Redondo, zona sul de S\u00e3o Paulo, na manh\u00e3 da segunda-feira (24).<\/p>\n\n\n\n<p>De acordo com a Pol\u00edcia Militar, um adolescente estava a caminho da escola quando ouviu um choro vindo de um cesto de lixo suspenso em um poste.<\/p>\n\n\n\n<p>Curioso, o rapaz observou a lixeira e viu o beb\u00ea envolto em um cobertor dentro de uma sacola de feira. A PM foi acionada e se dirigiu ao endere\u00e7o.<\/p>\n\n\n\n<p>No local, os agentes retiraram a nen\u00e9m e a encaminharam ao Hospital do M&#8217;Boi Mirim, onde ela foi atendida e n\u00e3o corre riscos.<\/p>\n\n\n\n<p>A pequena permaneceu aos cuidados da assistente social do hospital, e posteriormente o Conselho Tutelar da regi\u00e3o deve ser acionado.<\/p>\n\n\n\n<p>O cord\u00e3o umbilical e o cobertor no qual ela estava enrolada ficaram no local para a realiza\u00e7\u00e3o de per\u00edcia. No entorno n\u00e3o h\u00e1 c\u00e2meras de seguran\u00e7a, o que dificulta a identifica\u00e7\u00e3o do respons\u00e1vel.<\/p>\n\n\n\n<p>O caso foi registrado no 100\u00ba DP (Jardim Herculano), onde \u00e9 investigado.<\/p>\n\n\n\n<p>Fonte R7 <\/p>\n","protected":false},"excerpt":{"rendered":"<p>Adolescente ouviu choro, percebeu a menina dentro da lixeira e acionou a pol\u00edcia. Ela foi encaminhada a um hospital e passa bem Uma beb\u00ea rec\u00e9m-nascida foi encontrada em uma sacola de feira em uma lata de lixo suspensa, na rua Ant\u00f4nio Costa Ernesto, no Jardim Maraca, Cap\u00e3o Redondo, zona sul de S\u00e3o Paulo, na manh\u00e3 [&hellip;]<\/p>\n","protected":false},"author":8,"featured_media":9994,"comment_status":"closed","ping_status":"open","sticky":false,"template":"","format":"standard","meta":{"rop_custom_images_group":[],"rop_custom_messages_group":[],"rop_publish_now":"initial","rop_publish_now_accounts":[],"rop_publish_now_history":[],"rop_publish_now_status":"pending","footnotes":""},"categories":[195],"tags":[],"class_list":["post-9993","post","type-post","status-publish","format-standard","has-post-thumbnail","hentry","category-sao-paulo"],"amp_enabled":true,"_links":{"self":[{"href":"https:\/\/imais.online\/portal\/wp-json\/wp\/v2\/posts\/9993","targetHints":{"allow":["GET"]}}],"collection":[{"href":"https:\/\/imais.online\/portal\/wp-json\/wp\/v2\/posts"}],"about":[{"href":"https:\/\/imais.online\/portal\/wp-json\/wp\/v2\/types\/post"}],"author":[{"embeddable":true,"href":"https:\/\/imais.online\/portal\/wp-json\/wp\/v2\/users\/8"}],"replies":[{"embeddable":true,"href":"https:\/\/imais.online\/portal\/wp-json\/wp\/v2\/comments?post=9993"}],"version-history":[{"count":1,"href":"https:\/\/imais.online\/portal\/wp-json\/wp\/v2\/posts\/9993\/revisions"}],"predecessor-version":[{"id":9995,"href":"https:\/\/imais.online\/portal\/wp-json\/wp\/v2\/posts\/9993\/revisions\/9995"}],"wp:featuredmedia":[{"embeddable":true,"href":"https:\/\/imais.online\/portal\/wp-json\/wp\/v2\/media\/9994"}],"wp:attachment":[{"href":"https:\/\/imais.online\/portal\/wp-json\/wp\/v2\/media?parent=9993"}],"wp:term":[{"taxonomy":"category","embeddable":true,"href":"https:\/\/imais.online\/portal\/wp-json\/wp\/v2\/categories?post=9993"},{"taxonomy":"post_tag","embeddable":true,"href":"https:\/\/imais.online\/portal\/wp-json\/wp\/v2\/tags?post=9993"}],"curies":[{"name":"wp","href":"https:\/\/api.w.org\/{rel}","templated":true}]}}