{"id":6,"name":"Fernando Loggar","url":"http:\/\/www.loggar.com.br","description":"Publicit\u00e1rio, fot\u00f3grafo e empres\u00e1rio foi o fundador do Portal Mais Indai\u00e1 no ano de 2007, considerado um dos pioneiro na comunica\u00e7\u00e3o virtual estrat\u00e9gica em Indaiatuba.","link":"https:\/\/imais.online\/portal\/author\/loggar\/","slug":"loggar","avatar_urls":{"24":"https:\/\/secure.gravatar.com\/avatar\/4ba67ff2451761b6c7cf2b3de68556f392f2571b8e84a45d25d2deea5fe66914?s=24&d=mm&r=g","48":"https:\/\/secure.gravatar.com\/avatar\/4ba67ff2451761b6c7cf2b3de68556f392f2571b8e84a45d25d2deea5fe66914?s=48&d=mm&r=g","96":"https:\/\/secure.gravatar.com\/avatar\/4ba67ff2451761b6c7cf2b3de68556f392f2571b8e84a45d25d2deea5fe66914?s=96&d=mm&r=g"},"meta":{"feedzy_import_tour":true,"feedzy_hide_action_message":false},"amp_review_panel_dismissed_for_template_mode":"","amp_dev_tools_enabled":false,"_links":{"self":[{"href":"https:\/\/imais.online\/portal\/wp-json\/wp\/v2\/users\/6","targetHints":{"allow":["GET"]}}],"collection":[{"href":"https:\/\/imais.online\/portal\/wp-json\/wp\/v2\/users"}]}}